{"id":21151,"date":"2021-12-10T11:56:13","date_gmt":"2021-12-10T17:56:13","guid":{"rendered":"https:\/\/encuentroinformativo.com.mx\/?p=21151"},"modified":"2021-12-10T11:56:17","modified_gmt":"2021-12-10T17:56:17","slug":"niega-canaco-politizar-eleccion-de-veracruz-puerto","status":"publish","type":"post","link":"https:\/\/encuentroinformativo.com.mx\/?p=21151","title":{"rendered":"Niega CANACO politizar elecci\u00f3n de Veracruz puerto"},"content":{"rendered":"\n<p><strong>Alejandro \u00c1vila<\/strong><\/p>\n\n\n\n<p>Veracruz, Ver.- El presidente Jos\u00e9 Antonio Mendoza Garc\u00eda, neg\u00f3 que est\u00e9 politizando la C\u00e1mara de Comercio de Veracruz (CANACO) de Veracruz y asegur\u00f3 que, si dan abiertamente el respaldo a la panista, Patricia Lobeira Rodr\u00edguez, es porque est\u00e1n respaldando al estado de derecho ya que consideran ha sido violatoria la resoluci\u00f3n emitida por el Tribunal Electoral de Veracruz.<\/p>\n\n\n\n<p>\u201cNo estamos viendo a un partido pol\u00edtico, desde luego que estamos viendo el estado de derecho que se est\u00e1 atacando, eso s\u00ed lo estamos defendiendo, no estamos defendiendo a un partido pol\u00edtico, no he mencionado a ning\u00fan partido pol\u00edtico hasta el momento\u201d, agreg\u00f3.<\/p>\n\n\n\n<p>Mendoza Garc\u00eda, reconoci\u00f3 que s\u00ed ha existido una estrecha comunicaci\u00f3n con la actual administraci\u00f3n municipal, pues durante la pandemia, fueron los \u00fanicos que dieron el respaldo al cien por ciento a los empresarios, no as\u00ed el Gobierno del Estado.<\/p>\n\n\n\n<p>En cuanto al posible Consejo Municipal que se podr\u00eda instalar a partir del 1 de enero y el cual estar\u00eda preparando la posible nueva elecci\u00f3n por la alcald\u00eda de Veracruz, los Legisladores de Morena se\u00f1alaron que estar\u00eda integrado por personas honorables de la sociedad civil.<\/p>\n\n\n\n<p>Dentro de ese posible grupo, figur\u00f3 el nombre del presidente de CANACO, Jos\u00e9 Antonio Mendoza Garc\u00eda, mismo que asegur\u00f3 se negar\u00eda rotundamente a formar parte del Consejo Municipal, pues el resolutivo emitido por el TEV, carece de apego a derecho y es lo \u00fanico que se debe priorizar en esta ocasi\u00f3n.<\/p>\n\n\n\n<p>\u201cYo siempre he caminado derecho, siempre he sido conforme a derecho, si la situaci\u00f3n fuera conforme a derecho, ser\u00eda el primero en levantar la mano, pero en este caso me niego rotundamente, necesitamos que las cosas se aclaren y se d\u00e9 el resultado conforme a derecho, que le corresponde a Paty Lobeira (\u2026) no he recibido ninguna invitaci\u00f3n y no tengo conocimiento de eso\u201d, finaliz\u00f3.<\/p>\n","protected":false},"excerpt":{"rendered":"<p>Alejandro \u00c1vila Veracruz, Ver.- El presidente Jos\u00e9 Antonio Mendoza Garc\u00eda, neg\u00f3 que est\u00e9 politizando la C\u00e1mara de Comercio de Veracruz (CANACO) de Veracruz y asegur\u00f3 que, si dan abiertamente el respaldo a la panista, Patricia Lobeira Rodr\u00edguez, es porque est\u00e1n respaldando al estado de derecho ya que consideran ha sido violatoria la resoluci\u00f3n emitida por [&hellip;]<\/p>\n","protected":false},"author":1,"featured_media":21152,"comment_status":"open","ping_status":"open","sticky":false,"template":"","format":"standard","meta":{"_jetpack_memberships_contains_paid_content":false,"footnotes":""},"categories":[2],"tags":[],"class_list":["post-21151","post","type-post","status-publish","format-standard","has-post-thumbnail","hentry","category-estado"],"jetpack_featured_media_url":"https:\/\/encuentroinformativo.com.mx\/wp-content\/uploads\/2021\/12\/DE83BC60-13E7-4207-A25E-D2FAE0D0A236.jpeg","jetpack_sharing_enabled":true,"jetpack_likes_enabled":true,"amp_enabled":true,"_links":{"self":[{"href":"https:\/\/encuentroinformativo.com.mx\/index.php?rest_route=\/wp\/v2\/posts\/21151","targetHints":{"allow":["GET"]}}],"collection":[{"href":"https:\/\/encuentroinformativo.com.mx\/index.php?rest_route=\/wp\/v2\/posts"}],"about":[{"href":"https:\/\/encuentroinformativo.com.mx\/index.php?rest_route=\/wp\/v2\/types\/post"}],"author":[{"embeddable":true,"href":"https:\/\/encuentroinformativo.com.mx\/index.php?rest_route=\/wp\/v2\/users\/1"}],"replies":[{"embeddable":true,"href":"https:\/\/encuentroinformativo.com.mx\/index.php?rest_route=%2Fwp%2Fv2%2Fcomments&post=21151"}],"version-history":[{"count":1,"href":"https:\/\/encuentroinformativo.com.mx\/index.php?rest_route=\/wp\/v2\/posts\/21151\/revisions"}],"predecessor-version":[{"id":21153,"href":"https:\/\/encuentroinformativo.com.mx\/index.php?rest_route=\/wp\/v2\/posts\/21151\/revisions\/21153"}],"wp:featuredmedia":[{"embeddable":true,"href":"https:\/\/encuentroinformativo.com.mx\/index.php?rest_route=\/wp\/v2\/media\/21152"}],"wp:attachment":[{"href":"https:\/\/encuentroinformativo.com.mx\/index.php?rest_route=%2Fwp%2Fv2%2Fmedia&parent=21151"}],"wp:term":[{"taxonomy":"category","embeddable":true,"href":"https:\/\/encuentroinformativo.com.mx\/index.php?rest_route=%2Fwp%2Fv2%2Fcategories&post=21151"},{"taxonomy":"post_tag","embeddable":true,"href":"https:\/\/encuentroinformativo.com.mx\/index.php?rest_route=%2Fwp%2Fv2%2Ftags&post=21151"}],"curies":[{"name":"wp","href":"https:\/\/api.w.org\/{rel}","templated":true}]}}