{"id":21160,"date":"2021-12-10T13:40:04","date_gmt":"2021-12-10T19:40:04","guid":{"rendered":"https:\/\/encuentroinformativo.com.mx\/?p=21160"},"modified":"2021-12-10T13:40:08","modified_gmt":"2021-12-10T19:40:08","slug":"preparan-festival-nacional-de-orquidea-en-veracruz","status":"publish","type":"post","link":"https:\/\/encuentroinformativo.com.mx\/?p=21160","title":{"rendered":"Preparan Festival Nacional de Orqu\u00eddea en Veracruz"},"content":{"rendered":"\n<p><strong>Alejandro \u00c1vila<\/strong><\/p>\n\n\n\n<p>Veracruz, Ver.- A partir de este 15 de diciembre, la ciudad de Veracruz ser\u00e1 sede del Festival al Son de las Orqu\u00eddeas, mismo que se presentar\u00e1 en el Museo de la Ciudad de Veracruz con m\u00e1s de 25 expositores de la rep\u00fablica mexicana.<\/p>\n\n\n\n<p>El director de Turismo de Veracruz, Jos\u00e9 Salvatori Arjona, mencion\u00f3 que el municipio de Totutla fue el gestor de este evento, pero al ser un Festival Nacional y por el n\u00famero de visitantes que acuden a la ciudad de Veracruz durante el fin de a\u00f1o, fueron buscados para presentar el evento, por lo que el Ayuntamiento de Veracruz brind\u00f3 todas las facilidades.<\/p>\n\n\n\n<p>\u201cEl municipio de Totutla se comunic\u00f3 con nosotros para ver que posibilidad de que pudieran venir a hacer esta exposici\u00f3n de orqu\u00eddeas a la ciudad de Veracruz y la vamos a estar recibiendo del 15 de diciembre al 19 de diciembre en el Museo de la Ciudad, en un horario de 10 de la ma\u00f1ana a 6 de la tarde. Habr\u00e1 en esta exposici\u00f3n de orqu\u00eddeas venta, como tambi\u00e9n algunos talleres\u201d, declar\u00f3.<\/p>\n\n\n\n<p>En este festival se presentar\u00e1n expositores de Chiapas, Jalisco, Michoacan, Puebla, Morelos, Estado de M\u00e9xico, Ciudad de M\u00e9xico y por supuesto, Veracruz; en territorio nacional existen 1 200 especies de orqu\u00eddeas, mientras que, en el mundo, 25 mil.<\/p>\n\n\n\n<p>Salvatori Arjona, dijo que no es el primer municipio que busca como sede Veracruz, pues han apoyado a comerciantes, empresarios y prestadores de servicio de otras latitudes, que conocen del apoyo que ha brindado el Ayuntamiento durante la pandemia, algo que en ocasiones no lo pueden lograr en su ciudad de origen.<\/p>\n\n\n\n<p>\u201cAs\u00ed es, pr\u00e1cticamente la semana pasada inauguramos lo que fue la exposici\u00f3n de las Altas Monta\u00f1as, una exposici\u00f3n fotogr\u00e1fica que se encuentra ahorita en la Macro Plaza, es una, tanto fotograf\u00edas como monumentos hist\u00f3ricos que se encuentran ah\u00ed, resalta todo lo que viene siendo las ciudades como Orizaba, Fort\u00edn, C\u00f3rdoba, todo lo relacionado y referente a las Altas Monta\u00f1as\u201d, remat\u00f3.\u00a0<\/p>\n","protected":false},"excerpt":{"rendered":"<p>Alejandro \u00c1vila Veracruz, Ver.- A partir de este 15 de diciembre, la ciudad de Veracruz ser\u00e1 sede del Festival al Son de las Orqu\u00eddeas, mismo que se presentar\u00e1 en el Museo de la Ciudad de Veracruz con m\u00e1s de 25 expositores de la rep\u00fablica mexicana. El director de Turismo de Veracruz, Jos\u00e9 Salvatori Arjona, mencion\u00f3 [&hellip;]<\/p>\n","protected":false},"author":1,"featured_media":21161,"comment_status":"open","ping_status":"open","sticky":false,"template":"","format":"standard","meta":{"_jetpack_memberships_contains_paid_content":false,"footnotes":""},"categories":[2],"tags":[],"class_list":["post-21160","post","type-post","status-publish","format-standard","has-post-thumbnail","hentry","category-estado"],"jetpack_featured_media_url":"https:\/\/encuentroinformativo.com.mx\/wp-content\/uploads\/2021\/12\/38169340-9426-48F4-AFC7-21DF76977D22.jpeg","jetpack_sharing_enabled":true,"jetpack_likes_enabled":true,"amp_enabled":true,"_links":{"self":[{"href":"https:\/\/encuentroinformativo.com.mx\/index.php?rest_route=\/wp\/v2\/posts\/21160","targetHints":{"allow":["GET"]}}],"collection":[{"href":"https:\/\/encuentroinformativo.com.mx\/index.php?rest_route=\/wp\/v2\/posts"}],"about":[{"href":"https:\/\/encuentroinformativo.com.mx\/index.php?rest_route=\/wp\/v2\/types\/post"}],"author":[{"embeddable":true,"href":"https:\/\/encuentroinformativo.com.mx\/index.php?rest_route=\/wp\/v2\/users\/1"}],"replies":[{"embeddable":true,"href":"https:\/\/encuentroinformativo.com.mx\/index.php?rest_route=%2Fwp%2Fv2%2Fcomments&post=21160"}],"version-history":[{"count":1,"href":"https:\/\/encuentroinformativo.com.mx\/index.php?rest_route=\/wp\/v2\/posts\/21160\/revisions"}],"predecessor-version":[{"id":21162,"href":"https:\/\/encuentroinformativo.com.mx\/index.php?rest_route=\/wp\/v2\/posts\/21160\/revisions\/21162"}],"wp:featuredmedia":[{"embeddable":true,"href":"https:\/\/encuentroinformativo.com.mx\/index.php?rest_route=\/wp\/v2\/media\/21161"}],"wp:attachment":[{"href":"https:\/\/encuentroinformativo.com.mx\/index.php?rest_route=%2Fwp%2Fv2%2Fmedia&parent=21160"}],"wp:term":[{"taxonomy":"category","embeddable":true,"href":"https:\/\/encuentroinformativo.com.mx\/index.php?rest_route=%2Fwp%2Fv2%2Fcategories&post=21160"},{"taxonomy":"post_tag","embeddable":true,"href":"https:\/\/encuentroinformativo.com.mx\/index.php?rest_route=%2Fwp%2Fv2%2Ftags&post=21160"}],"curies":[{"name":"wp","href":"https:\/\/api.w.org\/{rel}","templated":true}]}}