{"id":21167,"date":"2021-12-10T14:41:07","date_gmt":"2021-12-10T20:41:07","guid":{"rendered":"https:\/\/encuentroinformativo.com.mx\/?p=21167"},"modified":"2021-12-10T14:41:10","modified_gmt":"2021-12-10T20:41:10","slug":"veracruz-rezagado-en-proyeccion-de-obras-arquitectos","status":"publish","type":"post","link":"https:\/\/encuentroinformativo.com.mx\/?p=21167","title":{"rendered":"Veracruz rezagado en proyecci\u00f3n de obras: Arquitectos"},"content":{"rendered":"\n<p><strong>Juan Arcos<\/strong><\/p>\n\n\n\n<p>Xalapa, Ver.- Arquitectos de Xalapa y otros municipios de Veracruz piden ser tomados en cuenta por los ayuntamientos que entrar\u00e1n en funciones el pr\u00f3ximo 1 de enero y por el gobierno estatal, para el mejoramiento de la infraestructura en las ciudades.<\/p>\n\n\n\n<p>El presidente del Colegio de Arquitectos de Xalapa y Veracruz (CAXEV), Aar\u00f3n Yovany Guerrero Morales, indic\u00f3 que se solicit\u00f3 una audiencia con el gobernador del estado, Cuitl\u00e1huac Garc\u00eda Jim\u00e9nez, con cinco colegios de arquitectos, procedentes de Tuxpan, Veracruz, C\u00f3rdoba y Xalapa.<\/p>\n\n\n\n<p>El entrevistado reconoci\u00f3 que existe un rezago en la entidad veracruzana, en materia de proyecci\u00f3n de obras y crecimiento de la mancha urbana.<\/p>\n\n\n\n<p>\u201cEsperemos tener ese acercamiento para ver el crecimiento de manera ordenada. Hay mucha debilidad en materia de proyecci\u00f3n y es donde queremos entrar nosotros como arquitectos\u201d.<\/p>\n\n\n\n<p>Los arquitectos solicitar\u00e1n al mandatario estatal que les permitan trabajar en proyecciones, con base en la experiencia y en sus certificaciones vigentes.<\/p>\n\n\n\n<p>\u201cNosotros proyectamos, si nos convocan a una licitaci\u00f3n participamos y si la ganamos, la trabajamos\u201d, expres\u00f3 luego de que se tomara protesta a la delegaci\u00f3n de CAXEV en Coatepec.<\/p>\n\n\n\n<p>Los profesionistas proponen proyectos de arquitectura sustentable y funcional en el estado de Veracruz, situaci\u00f3n que no ha sido tomada en cuenta en las obras que se han realizado en administraciones pasadas.<\/p>\n\n\n\n<p>\u201cNosotros queremos trabajar de la mano, que con la certificaci\u00f3n de los arquitectos podamos apoyar a los gobiernos municipal, estatal y federal, que nos dejen trabajar y la oportunidad para tener una arquitectura sustentable y funcional\u201d, remat\u00f3.<\/p>\n","protected":false},"excerpt":{"rendered":"<p>Juan Arcos Xalapa, Ver.- Arquitectos de Xalapa y otros municipios de Veracruz piden ser tomados en cuenta por los ayuntamientos que entrar\u00e1n en funciones el pr\u00f3ximo 1 de enero y por el gobierno estatal, para el mejoramiento de la infraestructura en las ciudades. El presidente del Colegio de Arquitectos de Xalapa y Veracruz (CAXEV), Aar\u00f3n [&hellip;]<\/p>\n","protected":false},"author":1,"featured_media":21168,"comment_status":"open","ping_status":"open","sticky":false,"template":"","format":"standard","meta":{"_jetpack_memberships_contains_paid_content":false,"footnotes":""},"categories":[3],"tags":[],"class_list":["post-21167","post","type-post","status-publish","format-standard","has-post-thumbnail","hentry","category-xalapa"],"jetpack_featured_media_url":"https:\/\/encuentroinformativo.com.mx\/wp-content\/uploads\/2021\/12\/79D8D82C-C656-4335-AC71-10F7391B73DB.jpeg","jetpack_sharing_enabled":true,"jetpack_likes_enabled":true,"amp_enabled":true,"_links":{"self":[{"href":"https:\/\/encuentroinformativo.com.mx\/index.php?rest_route=\/wp\/v2\/posts\/21167","targetHints":{"allow":["GET"]}}],"collection":[{"href":"https:\/\/encuentroinformativo.com.mx\/index.php?rest_route=\/wp\/v2\/posts"}],"about":[{"href":"https:\/\/encuentroinformativo.com.mx\/index.php?rest_route=\/wp\/v2\/types\/post"}],"author":[{"embeddable":true,"href":"https:\/\/encuentroinformativo.com.mx\/index.php?rest_route=\/wp\/v2\/users\/1"}],"replies":[{"embeddable":true,"href":"https:\/\/encuentroinformativo.com.mx\/index.php?rest_route=%2Fwp%2Fv2%2Fcomments&post=21167"}],"version-history":[{"count":1,"href":"https:\/\/encuentroinformativo.com.mx\/index.php?rest_route=\/wp\/v2\/posts\/21167\/revisions"}],"predecessor-version":[{"id":21169,"href":"https:\/\/encuentroinformativo.com.mx\/index.php?rest_route=\/wp\/v2\/posts\/21167\/revisions\/21169"}],"wp:featuredmedia":[{"embeddable":true,"href":"https:\/\/encuentroinformativo.com.mx\/index.php?rest_route=\/wp\/v2\/media\/21168"}],"wp:attachment":[{"href":"https:\/\/encuentroinformativo.com.mx\/index.php?rest_route=%2Fwp%2Fv2%2Fmedia&parent=21167"}],"wp:term":[{"taxonomy":"category","embeddable":true,"href":"https:\/\/encuentroinformativo.com.mx\/index.php?rest_route=%2Fwp%2Fv2%2Fcategories&post=21167"},{"taxonomy":"post_tag","embeddable":true,"href":"https:\/\/encuentroinformativo.com.mx\/index.php?rest_route=%2Fwp%2Fv2%2Ftags&post=21167"}],"curies":[{"name":"wp","href":"https:\/\/api.w.org\/{rel}","templated":true}]}}