{"id":21170,"date":"2021-12-10T17:27:48","date_gmt":"2021-12-10T23:27:48","guid":{"rendered":"https:\/\/encuentroinformativo.com.mx\/?p=21170"},"modified":"2021-12-10T17:27:54","modified_gmt":"2021-12-10T23:27:54","slug":"por-presunta-negligencia-murio-bebe-de-5-meses-en-el-cae","status":"publish","type":"post","link":"https:\/\/encuentroinformativo.com.mx\/?p=21170","title":{"rendered":"Por presunta negligencia, muri\u00f3 beb\u00e9 de 5 meses en el CAE"},"content":{"rendered":"\n<p><strong>Juan Arcos<\/strong><\/p>\n\n\n\n<p>Xalapa, Ver.- Arlet Hern\u00e1ndez Rivera, de cinco meses de edad, muri\u00f3 en el Centro de Alta Especialidad (CAE) \u201cDoctor Rafael Lucio\u201d de esta ciudad de Xalapa, a causa de una presunta negligencia m\u00e9dica.<\/p>\n\n\n\n<p>Sus familiares comentaron que la beb\u00e9 estaba bien de salud, pero, de repente, comenz\u00f3 a vomitar con frecuencia, por lo que decidieron llevarla a un centro de salud; sin embargo, solo le recetaron paracetamol.<\/p>\n\n\n\n<p>La menor no present\u00f3 ninguna mejor\u00eda y fue trasladada por sus padres al CAE, antes Centro de Especialidades M\u00e9dicas (CEM), ubicado sobre la avenida Adolfo Ruiz Cortines, en la zona norte de la capital del estado.<\/p>\n\n\n\n<p>En el sitio, el personal m\u00e9dico neg\u00f3 la Atenci\u00f3n debido a que los familiares no presentaron el CURP de la menor. Despu\u00e9s de m\u00e1s de 20 minutos, aceptaron revisar su estado de salud.<\/p>\n\n\n\n<p>La tarde del pasado martes 7 de diciembre, los padres de familia esperaban afuera del nosocomio cuando los m\u00e9dicos se acercaron para darles la noticia de que hab\u00eda fallecido.<\/p>\n\n\n\n<p>\u201cLa ni\u00f1a no ten\u00eda nada ni fiebre, solo por no traer el CURP no la quisieron recibir y despu\u00e9s de veinte minutos la iban a entubar y sacaron a los padres y a los pocos minutos ya les dijeron que no pod\u00edan hacer nada, que ya estaba muerta\u201d, expresaron.<\/p>\n\n\n\n<p>Las personas detectaron varias anomal\u00edas en el proceso, pues, en un principio, les dijeron que la beb\u00e9 hab\u00eda fallecido a causa del SARS-COV-2 (COVID-19), cuando no hab\u00eda presentado los s\u00edntomas.<\/p>\n\n\n\n<p>Ni el acta de defunci\u00f3n entregaron a la familia, pero al hospital, acudieron peritos, quienes les hicieron firmar un documento, del cual no recibieron copia.<\/p>\n\n\n\n<p>\u201cDice su mam\u00e1 que los peritos les dijieron que firmaran para que les entregaran el cuerpo, que si no se la iban a llevar y no se la iban a entregar enseguida y que la ni\u00f1a no hab\u00eda muerto all\u00ed. Y que al hospital no se le gana y que todo lo dejaramos as\u00ed para que pudieran entregar el cuerpo\u201d.<\/p>\n\n\n\n<p>La familia exige justicia por este caso aparentemente de negligencia m\u00e9dica en el hospital mencionado.\u00a0<\/p>\n","protected":false},"excerpt":{"rendered":"<p>Juan Arcos Xalapa, Ver.- Arlet Hern\u00e1ndez Rivera, de cinco meses de edad, muri\u00f3 en el Centro de Alta Especialidad (CAE) \u201cDoctor Rafael Lucio\u201d de esta ciudad de Xalapa, a causa de una presunta negligencia m\u00e9dica. Sus familiares comentaron que la beb\u00e9 estaba bien de salud, pero, de repente, comenz\u00f3 a vomitar con frecuencia, por lo [&hellip;]<\/p>\n","protected":false},"author":1,"featured_media":21171,"comment_status":"open","ping_status":"open","sticky":false,"template":"","format":"standard","meta":{"_jetpack_memberships_contains_paid_content":false,"footnotes":""},"categories":[9],"tags":[],"class_list":["post-21170","post","type-post","status-publish","format-standard","has-post-thumbnail","hentry","category-salud"],"jetpack_featured_media_url":"https:\/\/encuentroinformativo.com.mx\/wp-content\/uploads\/2021\/12\/5D6CFB3F-B586-4D9B-B5EF-673ADB9AE60C.jpeg","jetpack_sharing_enabled":true,"jetpack_likes_enabled":true,"amp_enabled":true,"_links":{"self":[{"href":"https:\/\/encuentroinformativo.com.mx\/index.php?rest_route=\/wp\/v2\/posts\/21170","targetHints":{"allow":["GET"]}}],"collection":[{"href":"https:\/\/encuentroinformativo.com.mx\/index.php?rest_route=\/wp\/v2\/posts"}],"about":[{"href":"https:\/\/encuentroinformativo.com.mx\/index.php?rest_route=\/wp\/v2\/types\/post"}],"author":[{"embeddable":true,"href":"https:\/\/encuentroinformativo.com.mx\/index.php?rest_route=\/wp\/v2\/users\/1"}],"replies":[{"embeddable":true,"href":"https:\/\/encuentroinformativo.com.mx\/index.php?rest_route=%2Fwp%2Fv2%2Fcomments&post=21170"}],"version-history":[{"count":1,"href":"https:\/\/encuentroinformativo.com.mx\/index.php?rest_route=\/wp\/v2\/posts\/21170\/revisions"}],"predecessor-version":[{"id":21172,"href":"https:\/\/encuentroinformativo.com.mx\/index.php?rest_route=\/wp\/v2\/posts\/21170\/revisions\/21172"}],"wp:featuredmedia":[{"embeddable":true,"href":"https:\/\/encuentroinformativo.com.mx\/index.php?rest_route=\/wp\/v2\/media\/21171"}],"wp:attachment":[{"href":"https:\/\/encuentroinformativo.com.mx\/index.php?rest_route=%2Fwp%2Fv2%2Fmedia&parent=21170"}],"wp:term":[{"taxonomy":"category","embeddable":true,"href":"https:\/\/encuentroinformativo.com.mx\/index.php?rest_route=%2Fwp%2Fv2%2Fcategories&post=21170"},{"taxonomy":"post_tag","embeddable":true,"href":"https:\/\/encuentroinformativo.com.mx\/index.php?rest_route=%2Fwp%2Fv2%2Ftags&post=21170"}],"curies":[{"name":"wp","href":"https:\/\/api.w.org\/{rel}","templated":true}]}}