{"id":21176,"date":"2021-12-10T17:40:06","date_gmt":"2021-12-10T23:40:06","guid":{"rendered":"https:\/\/encuentroinformativo.com.mx\/?p=21176"},"modified":"2021-12-10T17:40:09","modified_gmt":"2021-12-10T23:40:09","slug":"se-arrancara-con-trabajos-de-pavimentacion-ahued","status":"publish","type":"post","link":"https:\/\/encuentroinformativo.com.mx\/?p=21176","title":{"rendered":"Se arrancar\u00e1 con trabajos de pavimentaci\u00f3n: Ahued"},"content":{"rendered":"\n<p><strong>Dar\u00edo Pale<\/strong><\/p>\n\n\n\n<p>Xalapa, Ver.- A partir de enero, en sus primeros d\u00edas de administraci\u00f3n, dar\u00e1 banderazo de arranque del primer kil\u00f3metro de pavimentaci\u00f3n, as\u00ed lo inform\u00f3 el presidente municipal electo en Xalapa, Ricardo Ahued Bardahuil.<\/p>\n\n\n\n<p>Entrevistado a su arribo a palacio municipal donde present\u00f3 su equipo de entrega-recepci\u00f3n al actual alcalde Hip\u00f3lito Rodr\u00edguez Herrero, dijo que en un a\u00f1o se har\u00e1n seis kil\u00f3metros de pavimentaci\u00f3n gracias a la donaci\u00f3n de vecinos y de trabajadores de Obras P\u00fablicas.<\/p>\n\n\n\n<p>\u201cYa tenemos la primera que ser\u00e1 el banderazo antes de venir a trabajar, el d\u00eda 3 de enero; yo quiero que sea el 3 porque es d\u00eda h\u00e1bil&#8221;, coment\u00f3.<\/p>\n\n\n\n<p>Dio a conocer que podr\u00eda ser en la calle Plutarco El\u00edas Calles, pero todav\u00eda se deber\u00e1 confirmar la fecha y lugar, ya que los trabajadores de la empresa de concreto podr\u00edan &#8220;estar muy desvelados&#8221;, a causa de las fiestas decembrinas.<\/p>\n\n\n\n<p>&#8220;Pero tengo ya el ofrecimiento de que el d\u00eda 3 a las 7:00 o 7:30 se descarguen las primeras ollas; de hecho, habremos de trabajar estos d\u00edas preparando la base o lo que se necesite, para que lleguemos el 3 ya t\u00e9cnicamente con la revisi\u00f3n&#8221;, se\u00f1al\u00f3.<\/p>\n\n\n\n<p>Finalmente en otro orden de ideas, se neg\u00f3 a hablar sobre si est\u00e1 recibiendo la administraci\u00f3n con pasivos y deudas, ya que hoy acudi\u00f3 al Palacio a reuni\u00f3n de trabajo para la entrega &#8211; recepci\u00f3n y no sabr\u00e1 la situaci\u00f3n hasta el d\u00eda 15 de diciembre.<\/p>\n","protected":false},"excerpt":{"rendered":"<p>Dar\u00edo Pale Xalapa, Ver.- A partir de enero, en sus primeros d\u00edas de administraci\u00f3n, dar\u00e1 banderazo de arranque del primer kil\u00f3metro de pavimentaci\u00f3n, as\u00ed lo inform\u00f3 el presidente municipal electo en Xalapa, Ricardo Ahued Bardahuil. Entrevistado a su arribo a palacio municipal donde present\u00f3 su equipo de entrega-recepci\u00f3n al actual alcalde Hip\u00f3lito Rodr\u00edguez Herrero, dijo [&hellip;]<\/p>\n","protected":false},"author":1,"featured_media":21177,"comment_status":"open","ping_status":"open","sticky":false,"template":"","format":"standard","meta":{"_jetpack_memberships_contains_paid_content":false,"footnotes":""},"categories":[3],"tags":[],"class_list":["post-21176","post","type-post","status-publish","format-standard","has-post-thumbnail","hentry","category-xalapa"],"jetpack_featured_media_url":"https:\/\/encuentroinformativo.com.mx\/wp-content\/uploads\/2021\/12\/53364D53-B29E-435D-B251-15668BCAB672.jpeg","jetpack_sharing_enabled":true,"jetpack_likes_enabled":true,"amp_enabled":true,"_links":{"self":[{"href":"https:\/\/encuentroinformativo.com.mx\/index.php?rest_route=\/wp\/v2\/posts\/21176","targetHints":{"allow":["GET"]}}],"collection":[{"href":"https:\/\/encuentroinformativo.com.mx\/index.php?rest_route=\/wp\/v2\/posts"}],"about":[{"href":"https:\/\/encuentroinformativo.com.mx\/index.php?rest_route=\/wp\/v2\/types\/post"}],"author":[{"embeddable":true,"href":"https:\/\/encuentroinformativo.com.mx\/index.php?rest_route=\/wp\/v2\/users\/1"}],"replies":[{"embeddable":true,"href":"https:\/\/encuentroinformativo.com.mx\/index.php?rest_route=%2Fwp%2Fv2%2Fcomments&post=21176"}],"version-history":[{"count":1,"href":"https:\/\/encuentroinformativo.com.mx\/index.php?rest_route=\/wp\/v2\/posts\/21176\/revisions"}],"predecessor-version":[{"id":21178,"href":"https:\/\/encuentroinformativo.com.mx\/index.php?rest_route=\/wp\/v2\/posts\/21176\/revisions\/21178"}],"wp:featuredmedia":[{"embeddable":true,"href":"https:\/\/encuentroinformativo.com.mx\/index.php?rest_route=\/wp\/v2\/media\/21177"}],"wp:attachment":[{"href":"https:\/\/encuentroinformativo.com.mx\/index.php?rest_route=%2Fwp%2Fv2%2Fmedia&parent=21176"}],"wp:term":[{"taxonomy":"category","embeddable":true,"href":"https:\/\/encuentroinformativo.com.mx\/index.php?rest_route=%2Fwp%2Fv2%2Fcategories&post=21176"},{"taxonomy":"post_tag","embeddable":true,"href":"https:\/\/encuentroinformativo.com.mx\/index.php?rest_route=%2Fwp%2Fv2%2Ftags&post=21176"}],"curies":[{"name":"wp","href":"https:\/\/api.w.org\/{rel}","templated":true}]}}