{"id":21182,"date":"2021-12-11T13:12:46","date_gmt":"2021-12-11T19:12:46","guid":{"rendered":"https:\/\/encuentroinformativo.com.mx\/?p=21182"},"modified":"2021-12-11T13:12:49","modified_gmt":"2021-12-11T19:12:49","slug":"defienden-activistas-a-paty-lobeira-senalan-violencia-de-genero","status":"publish","type":"post","link":"https:\/\/encuentroinformativo.com.mx\/?p=21182","title":{"rendered":"Defienden activistas a Paty Lobeira; se\u00f1alan violencia de g\u00e9nero"},"content":{"rendered":"\n<p><strong>Alejandro \u00c1vila<\/strong><\/p>\n\n\n\n<p>Veracruz, Ver.- La activista Belem Palmeros Exsome, se\u00f1al\u00f3 que s\u00ed se est\u00e1 ejerciendo violencia en raz\u00f3n de g\u00e9nero contra la candidata panista, Patricia Lobeira Rodr\u00edguez, toda vez que diversas voces opositoras la acusan de ser solo un instrumento de su familia.<\/p>\n\n\n\n<p>\u201cClaro que se le est\u00e1 ejerciendo violencia pol\u00edtica en raz\u00f3n de g\u00e9nero a Paty Lobeira. Es un acto de misoginia el no considerarla como una persona libre de pensamiento y sujeta de derechos\u201d.<\/p>\n\n\n\n<p>Sobre el resolutivo emitido por el Tribunal Electoral de Veracruz (TEV) hace tres d\u00edas, donde nulifican la elecci\u00f3n de Veracruz; la tambi\u00e9n priista expres\u00f3 que el pasado 6 de junio, fue la ciudadan\u00eda quien eligi\u00f3 a Patricia Lobeira Rodr\u00edguez como la siguiente alcaldesa del Puerto de Veracruz.<\/p>\n\n\n\n<p>Al mismo tiempo, dijo que las mujeres se sumar\u00e1n a la defensa jur\u00eddica y social del triunfo de la panista y formar\u00e1n un conglomerado que apoye durante las siguientes instancias del Tribunal Electoral Regional y Federal, para no vulnerar el estado de derecho.<\/p>\n\n\n\n<p>\u201cCon esto te digo Paty que no est\u00e1s sola, las mujeres te vamos a acompa\u00f1ar en esta defensa jur\u00eddica y social, para que se haga valer los derechos de la ciudadan\u00eda veracruzana\u201d, culmin\u00f3.<\/p>\n","protected":false},"excerpt":{"rendered":"<p>Alejandro \u00c1vila Veracruz, Ver.- La activista Belem Palmeros Exsome, se\u00f1al\u00f3 que s\u00ed se est\u00e1 ejerciendo violencia en raz\u00f3n de g\u00e9nero contra la candidata panista, Patricia Lobeira Rodr\u00edguez, toda vez que diversas voces opositoras la acusan de ser solo un instrumento de su familia. \u201cClaro que se le est\u00e1 ejerciendo violencia pol\u00edtica en raz\u00f3n de g\u00e9nero [&hellip;]<\/p>\n","protected":false},"author":1,"featured_media":21183,"comment_status":"open","ping_status":"open","sticky":false,"template":"","format":"standard","meta":{"_jetpack_memberships_contains_paid_content":false,"footnotes":""},"categories":[2],"tags":[],"class_list":["post-21182","post","type-post","status-publish","format-standard","has-post-thumbnail","hentry","category-estado"],"jetpack_featured_media_url":"https:\/\/encuentroinformativo.com.mx\/wp-content\/uploads\/2021\/12\/B1DA6907-05BA-4AC5-9BCE-93DD03AF1051.jpeg","jetpack_sharing_enabled":true,"jetpack_likes_enabled":true,"amp_enabled":true,"_links":{"self":[{"href":"https:\/\/encuentroinformativo.com.mx\/index.php?rest_route=\/wp\/v2\/posts\/21182","targetHints":{"allow":["GET"]}}],"collection":[{"href":"https:\/\/encuentroinformativo.com.mx\/index.php?rest_route=\/wp\/v2\/posts"}],"about":[{"href":"https:\/\/encuentroinformativo.com.mx\/index.php?rest_route=\/wp\/v2\/types\/post"}],"author":[{"embeddable":true,"href":"https:\/\/encuentroinformativo.com.mx\/index.php?rest_route=\/wp\/v2\/users\/1"}],"replies":[{"embeddable":true,"href":"https:\/\/encuentroinformativo.com.mx\/index.php?rest_route=%2Fwp%2Fv2%2Fcomments&post=21182"}],"version-history":[{"count":1,"href":"https:\/\/encuentroinformativo.com.mx\/index.php?rest_route=\/wp\/v2\/posts\/21182\/revisions"}],"predecessor-version":[{"id":21184,"href":"https:\/\/encuentroinformativo.com.mx\/index.php?rest_route=\/wp\/v2\/posts\/21182\/revisions\/21184"}],"wp:featuredmedia":[{"embeddable":true,"href":"https:\/\/encuentroinformativo.com.mx\/index.php?rest_route=\/wp\/v2\/media\/21183"}],"wp:attachment":[{"href":"https:\/\/encuentroinformativo.com.mx\/index.php?rest_route=%2Fwp%2Fv2%2Fmedia&parent=21182"}],"wp:term":[{"taxonomy":"category","embeddable":true,"href":"https:\/\/encuentroinformativo.com.mx\/index.php?rest_route=%2Fwp%2Fv2%2Fcategories&post=21182"},{"taxonomy":"post_tag","embeddable":true,"href":"https:\/\/encuentroinformativo.com.mx\/index.php?rest_route=%2Fwp%2Fv2%2Ftags&post=21182"}],"curies":[{"name":"wp","href":"https:\/\/api.w.org\/{rel}","templated":true}]}}