{"id":21185,"date":"2021-12-11T13:22:52","date_gmt":"2021-12-11T19:22:52","guid":{"rendered":"https:\/\/encuentroinformativo.com.mx\/?p=21185"},"modified":"2021-12-11T13:22:56","modified_gmt":"2021-12-11T19:22:56","slug":"se-quejan-en-alvarado-por-servicio-de-recoleccion-de-basura","status":"publish","type":"post","link":"https:\/\/encuentroinformativo.com.mx\/?p=21185","title":{"rendered":"Se quejan en Alvarado por servicio de recolecci\u00f3n de basura"},"content":{"rendered":"\n<p><strong>Alejandro \u00c1vila<\/strong><\/p>\n\n\n\n<p>Veracruz, Ver.- Vecinos de diversas colonias de Alvarado denuncian que pasan hasta cinco d\u00edas sin pasar el cami\u00f3n de la basura por sus calles, esto ocasiona un fuerte foco de infecci\u00f3n pues las bolsas con residuos se agusanan y en algunos casos son rotas por los perros y gatos y quedan esparcidas por las calles.<\/p>\n\n\n\n<p>Se\u00f1alan que desde la actual administraci\u00f3n se firm\u00f3 un convenio con el hermano de la regidora panista, Mar\u00eda Jos\u00e9 \u00c1lvarez Pendas, para auto rentar camiones compactadores de basura, algo que document\u00f3 el \u00d3rgano de Fiscalizaci\u00f3n Superior de Veracruz (ORFIS) desde el 2018, ya que no existi\u00f3 licitaci\u00f3n ni transparencia por la renta de los camiones, y el monto estimado fue de 70 mil pesos por la renta de cada cami\u00f3n.<\/p>\n\n\n\n<p>\u201cDe los cuales, era diesel, chofer y reparaciones, libre, pero de pronto empezaron a hacer negocios, en que el Diesel, las reparaciones y el chofer, segu\u00edan con cuenta a cobro del Ayuntamiento, nada m\u00e1s te pon\u00edan el puro cami\u00f3n, y las refacciones igual, era un expendio grand\u00edsimo de esos camiones viejos. La situaci\u00f3n es que ya no hubo dinero, ya no hay dinero para pagar, ya los retiraron y nada m\u00e1s anda uno solo, un solo cami\u00f3n compactador, de todos los que quedaron del Ayuntamiento, y no se da abasto para toda la cabecera y todo el municipio\u201d, acus\u00f3 un ciudadano afectado.<\/p>\n\n\n\n<p>Mencionaron que hace unos d\u00edas se busc\u00f3 a otra empresa particular para contratarlos y sacar la basura acumulada de la Riviera Veracruzana, pues los vecinos de la zona de mayor plusval\u00eda del Estado se quejaron del problema de la basura; las cosas no llegaron a buenos t\u00e9rminos pues acusan que la encargada de la zona norte del municipio, Lizeth C\u00e1rdenas, les est\u00e1 cobrando el uso del tiradero municipal en la localidad de Ant\u00f3n Lizardo.<\/p>\n\n\n\n<p>\u201cY de aqu\u00ed de Alvarado, andan las camionetas del Ayuntamiento, incluso los remolques de los caballos de Bogar, andan recogiendo la basura aqu\u00ed en Alvarado, porque no hay camiones, nada m\u00e1s queda unos solo propiedad del Ayuntamiento y a duras penas ah\u00ed anda, as\u00ed es la realidad. Hay colonias que tienen 5 o 6 d\u00edas en que se acumula la gusanera, los perros la tiran y esas es la cuesti\u00f3n\u201d, remat\u00f3.<\/p>\n","protected":false},"excerpt":{"rendered":"<p>Alejandro \u00c1vila Veracruz, Ver.- Vecinos de diversas colonias de Alvarado denuncian que pasan hasta cinco d\u00edas sin pasar el cami\u00f3n de la basura por sus calles, esto ocasiona un fuerte foco de infecci\u00f3n pues las bolsas con residuos se agusanan y en algunos casos son rotas por los perros y gatos y quedan esparcidas por [&hellip;]<\/p>\n","protected":false},"author":1,"featured_media":21186,"comment_status":"open","ping_status":"open","sticky":false,"template":"","format":"standard","meta":{"_jetpack_memberships_contains_paid_content":false,"footnotes":""},"categories":[2],"tags":[],"class_list":["post-21185","post","type-post","status-publish","format-standard","has-post-thumbnail","hentry","category-estado"],"jetpack_featured_media_url":"https:\/\/encuentroinformativo.com.mx\/wp-content\/uploads\/2021\/12\/FA1706B7-77A3-4EED-8415-AEF931BB894E.jpeg","jetpack_sharing_enabled":true,"jetpack_likes_enabled":true,"amp_enabled":true,"_links":{"self":[{"href":"https:\/\/encuentroinformativo.com.mx\/index.php?rest_route=\/wp\/v2\/posts\/21185","targetHints":{"allow":["GET"]}}],"collection":[{"href":"https:\/\/encuentroinformativo.com.mx\/index.php?rest_route=\/wp\/v2\/posts"}],"about":[{"href":"https:\/\/encuentroinformativo.com.mx\/index.php?rest_route=\/wp\/v2\/types\/post"}],"author":[{"embeddable":true,"href":"https:\/\/encuentroinformativo.com.mx\/index.php?rest_route=\/wp\/v2\/users\/1"}],"replies":[{"embeddable":true,"href":"https:\/\/encuentroinformativo.com.mx\/index.php?rest_route=%2Fwp%2Fv2%2Fcomments&post=21185"}],"version-history":[{"count":1,"href":"https:\/\/encuentroinformativo.com.mx\/index.php?rest_route=\/wp\/v2\/posts\/21185\/revisions"}],"predecessor-version":[{"id":21187,"href":"https:\/\/encuentroinformativo.com.mx\/index.php?rest_route=\/wp\/v2\/posts\/21185\/revisions\/21187"}],"wp:featuredmedia":[{"embeddable":true,"href":"https:\/\/encuentroinformativo.com.mx\/index.php?rest_route=\/wp\/v2\/media\/21186"}],"wp:attachment":[{"href":"https:\/\/encuentroinformativo.com.mx\/index.php?rest_route=%2Fwp%2Fv2%2Fmedia&parent=21185"}],"wp:term":[{"taxonomy":"category","embeddable":true,"href":"https:\/\/encuentroinformativo.com.mx\/index.php?rest_route=%2Fwp%2Fv2%2Fcategories&post=21185"},{"taxonomy":"post_tag","embeddable":true,"href":"https:\/\/encuentroinformativo.com.mx\/index.php?rest_route=%2Fwp%2Fv2%2Ftags&post=21185"}],"curies":[{"name":"wp","href":"https:\/\/api.w.org\/{rel}","templated":true}]}}