{"id":21194,"date":"2021-12-12T12:48:59","date_gmt":"2021-12-12T18:48:59","guid":{"rendered":"https:\/\/encuentroinformativo.com.mx\/?p=21194"},"modified":"2021-12-12T12:49:03","modified_gmt":"2021-12-12T18:49:03","slug":"restringen-donacion-de-plaquetas-en-cecan-acusan-familiares","status":"publish","type":"post","link":"https:\/\/encuentroinformativo.com.mx\/?p=21194","title":{"rendered":"Restringen donaci\u00f3n de plaquetas en CECAN, acusan familiares"},"content":{"rendered":"\n<p><strong>Juan Arcos<\/strong> <\/p>\n\n\n\n<p>Xalapa, Ver.- \u00c9dgar Tadeo Vel\u00e1zquez Mar\u00edn, de tres a\u00f1os, es originario del municipio de Perote y lleva varios meses internado en el Centro Estatal de Cancerolog\u00eda (Cecan) \u201cDoctor Miguel Dorantes Mesa\u201d, en la ciudad de Xalapa.<\/p>\n\n\n\n<p>El menor padece leucemia en un grado avanzado, seg\u00fan el diagn\u00f3stico de los mismos m\u00e9dicos especialistas, por lo que su vida est\u00e1 en peligro.<\/p>\n\n\n\n<p>Sus familiares denunciaron que el personal del Cecan ha condicionado plaquetas a los menores que padecen dicha enfermedad.<\/p>\n\n\n\n<p>\u201cNecesitamos muchos donadores de plaquetas y c\u00f3mo Tadeo ya debe 25 donadores de plaquetas, ya no tan f\u00e1cil me las prestan, solamente me prestan para que se aliviane y ya. No tenemos dinero para estar pagando a un donador\u201d, expresaron.<\/p>\n\n\n\n<p>Tadeo necesita plaquetas diariamente; sin embargo, en el banco de sangre argumentan a los familiares que no hay y que requieren, de manera forzosa, de donantes.<\/p>\n\n\n\n<p>\u201cA veces me prestan plaquetas porque hay en el banco de sangre, pero a veces no hay, por ejemplo, ayer y hoy (jueves y viernes) no hubo, necesitan donadores a fuerza\u201d, comentaron.<\/p>\n\n\n\n<p>Sus padres est\u00e1n muy preocupados por la salud de Tadeo, quien apenas a sus tres a\u00f1os lucha contra el c\u00e1ncer en los tejidos que conforman la sangre.<\/p>\n\n\n\n<p>Por tal motivo, pidieron al gobernador Cuitl\u00e1huac Garc\u00eda Jim\u00e9nez que intervenga para que mejore la atenci\u00f3n m\u00e9dica y se salve la vida de Tadeo.<\/p>\n","protected":false},"excerpt":{"rendered":"<p>Juan Arcos Xalapa, Ver.- \u00c9dgar Tadeo Vel\u00e1zquez Mar\u00edn, de tres a\u00f1os, es originario del municipio de Perote y lleva varios meses internado en el Centro Estatal de Cancerolog\u00eda (Cecan) \u201cDoctor Miguel Dorantes Mesa\u201d, en la ciudad de Xalapa. El menor padece leucemia en un grado avanzado, seg\u00fan el diagn\u00f3stico de los mismos m\u00e9dicos especialistas, por [&hellip;]<\/p>\n","protected":false},"author":1,"featured_media":21195,"comment_status":"open","ping_status":"open","sticky":false,"template":"","format":"standard","meta":{"_jetpack_memberships_contains_paid_content":false,"footnotes":""},"categories":[9],"tags":[],"class_list":["post-21194","post","type-post","status-publish","format-standard","has-post-thumbnail","hentry","category-salud"],"jetpack_featured_media_url":"https:\/\/encuentroinformativo.com.mx\/wp-content\/uploads\/2021\/12\/056A763B-7BBC-4A2B-9035-B0F3F3972479.jpeg","jetpack_sharing_enabled":true,"jetpack_likes_enabled":true,"amp_enabled":true,"_links":{"self":[{"href":"https:\/\/encuentroinformativo.com.mx\/index.php?rest_route=\/wp\/v2\/posts\/21194","targetHints":{"allow":["GET"]}}],"collection":[{"href":"https:\/\/encuentroinformativo.com.mx\/index.php?rest_route=\/wp\/v2\/posts"}],"about":[{"href":"https:\/\/encuentroinformativo.com.mx\/index.php?rest_route=\/wp\/v2\/types\/post"}],"author":[{"embeddable":true,"href":"https:\/\/encuentroinformativo.com.mx\/index.php?rest_route=\/wp\/v2\/users\/1"}],"replies":[{"embeddable":true,"href":"https:\/\/encuentroinformativo.com.mx\/index.php?rest_route=%2Fwp%2Fv2%2Fcomments&post=21194"}],"version-history":[{"count":1,"href":"https:\/\/encuentroinformativo.com.mx\/index.php?rest_route=\/wp\/v2\/posts\/21194\/revisions"}],"predecessor-version":[{"id":21196,"href":"https:\/\/encuentroinformativo.com.mx\/index.php?rest_route=\/wp\/v2\/posts\/21194\/revisions\/21196"}],"wp:featuredmedia":[{"embeddable":true,"href":"https:\/\/encuentroinformativo.com.mx\/index.php?rest_route=\/wp\/v2\/media\/21195"}],"wp:attachment":[{"href":"https:\/\/encuentroinformativo.com.mx\/index.php?rest_route=%2Fwp%2Fv2%2Fmedia&parent=21194"}],"wp:term":[{"taxonomy":"category","embeddable":true,"href":"https:\/\/encuentroinformativo.com.mx\/index.php?rest_route=%2Fwp%2Fv2%2Fcategories&post=21194"},{"taxonomy":"post_tag","embeddable":true,"href":"https:\/\/encuentroinformativo.com.mx\/index.php?rest_route=%2Fwp%2Fv2%2Ftags&post=21194"}],"curies":[{"name":"wp","href":"https:\/\/api.w.org\/{rel}","templated":true}]}}