{"id":21203,"date":"2021-12-12T17:57:39","date_gmt":"2021-12-12T23:57:39","guid":{"rendered":"https:\/\/encuentroinformativo.com.mx\/?p=21203"},"modified":"2021-12-12T17:57:43","modified_gmt":"2021-12-12T23:57:43","slug":"cientos-de-peregrinos-arriban-a-basilica-menor-en-el-dique","status":"publish","type":"post","link":"https:\/\/encuentroinformativo.com.mx\/?p=21203","title":{"rendered":"Cientos de peregrinos arriban a Bas\u00edlica Menor en El Dique"},"content":{"rendered":"\n<p><strong>Juan Arcos<\/strong><\/p>\n\n\n\n<p>Xalapa, Ver.- Miles de peregrinos arribaron a la Bas\u00edlica Menor de Nuestra Se\u00f1ora de Guadalupe, ubicada en el barrio de El Dique, en esta ciudad de Xalapa.<\/p>\n\n\n\n<p>Se observaron grandes concentraciones de personas formadas sobre la escalinata del recinto religioso, en espera de ingresar para dejar una ofrenda a la Virgen.<\/p>\n\n\n\n<p>El p\u00e1rroco rector de la Bas\u00edlica, C\u00e9sar Romero Gal\u00e1n, indic\u00f3 que hasta el mediod\u00eda del domingo 12 de diciembre, se estimaba que hab\u00edan llegado m\u00e1s de 200 peregrinaciones.<\/p>\n\n\n\n<p>El entrevistado detall\u00f3 que se ha superado la cifra estimada de peregrinos que arribar\u00edan a la Bas\u00edlica Menor, durante la celebraci\u00f3n del 490 aniversario de las apariciones de la Virgen en el pa\u00eds.<\/p>\n\n\n\n<p>\u201cHab\u00edamos calculado con las autoridades que aproximadamente vendr\u00edan 50 mil peregrinos pero creo que se est\u00e1 rebasando, ahorita viendo a toda la gente que est\u00e1 formada y las que han pasado desde las seis de la ma\u00f1ana, yo creo que se va a exceder eso, no calculamos cu\u00e1nto, pero s\u00ed m\u00e1s de 50 mil personas\u201d, expres\u00f3.<\/p>\n\n\n\n<p>El Sacerdote record\u00f3 que las condiciones clim\u00e1ticas suelen no ser una limitante para los feligreses que viajan de otros municipios y se trasladan caminando o bicicleta para festejar a la Virgen de Guadalupe.<\/p>\n\n\n\n<p>\u201cAyer y antier (viernes y s\u00e1bado) aqu\u00ed estuvieron, en la ma\u00f1ana (del domingo) un poco lluvioso y un poco de fr\u00edo, y la gente haya fr\u00edo o calor aqu\u00ed est\u00e1\u201d, enfatiz\u00f3.<\/p>\n\n\n\n<p>Romero Gal\u00e1n asegur\u00f3 que los peregrinos respetaron las medidas sanitarias para evitar contagios de SARS-COV-2 (COVID-19).<br>Sin embargo, afuera de la Bas\u00edlica se observ\u00f3 a algunas personas que no garantizaron la sana distancia y a otras que no usaban cubrebocas.<\/p>\n\n\n\n<p>\u201cEsa ha sido una de las grandes sorpresas que nos hemos encontrado, la gente viene a visitar a la virgen, con mucha fe, con mucha tranquilidad y respetuosos de los protocolos, de c\u00f3mo se organiz\u00f3 y tambi\u00e9n con las autoridades estamos llevando esto y la gente no est\u00e1 molesta, aunque solo puedan estar un momentito, pero sin conscientes de eso y se van contentos\u201d, refiri\u00f3.<\/p>\n\n\n\n<p>Cabe recordar que Xalapa se encuentra en sem\u00e1foro epidemiol\u00f3gico regional color amarillo, de riesgo medio de contagio por coronavirus, con 10 mil 806 casos confirmados, mil 197 defunciones y 921 sospechosos.<\/p>\n\n\n\n<figure class=\"wp-block-image size-large\"><img loading=\"lazy\" decoding=\"async\" width=\"1024\" height=\"768\" src=\"https:\/\/encuentroinformativo.com.mx\/wp-content\/uploads\/2021\/12\/0A10A108-8AA1-4E92-8017-7822A17C8503-1024x768.jpeg\" alt=\"\" class=\"wp-image-21205\" srcset=\"https:\/\/encuentroinformativo.com.mx\/wp-content\/uploads\/2021\/12\/0A10A108-8AA1-4E92-8017-7822A17C8503-1024x768.jpeg 1024w, https:\/\/encuentroinformativo.com.mx\/wp-content\/uploads\/2021\/12\/0A10A108-8AA1-4E92-8017-7822A17C8503-300x225.jpeg 300w, https:\/\/encuentroinformativo.com.mx\/wp-content\/uploads\/2021\/12\/0A10A108-8AA1-4E92-8017-7822A17C8503-768x576.jpeg 768w, https:\/\/encuentroinformativo.com.mx\/wp-content\/uploads\/2021\/12\/0A10A108-8AA1-4E92-8017-7822A17C8503-1536x1152.jpeg 1536w, https:\/\/encuentroinformativo.com.mx\/wp-content\/uploads\/2021\/12\/0A10A108-8AA1-4E92-8017-7822A17C8503.jpeg 1600w\" sizes=\"auto, (max-width: 1024px) 100vw, 1024px\" \/><\/figure>\n","protected":false},"excerpt":{"rendered":"<p>Juan Arcos Xalapa, Ver.- Miles de peregrinos arribaron a la Bas\u00edlica Menor de Nuestra Se\u00f1ora de Guadalupe, ubicada en el barrio de El Dique, en esta ciudad de Xalapa. Se observaron grandes concentraciones de personas formadas sobre la escalinata del recinto religioso, en espera de ingresar para dejar una ofrenda a la Virgen. El p\u00e1rroco [&hellip;]<\/p>\n","protected":false},"author":1,"featured_media":21204,"comment_status":"open","ping_status":"open","sticky":false,"template":"","format":"standard","meta":{"_jetpack_memberships_contains_paid_content":false,"footnotes":""},"categories":[3],"tags":[],"class_list":["post-21203","post","type-post","status-publish","format-standard","has-post-thumbnail","hentry","category-xalapa"],"jetpack_featured_media_url":"https:\/\/encuentroinformativo.com.mx\/wp-content\/uploads\/2021\/12\/1596343E-182B-4351-810C-FA4FB83E51C8.jpeg","jetpack_sharing_enabled":true,"jetpack_likes_enabled":true,"amp_enabled":true,"_links":{"self":[{"href":"https:\/\/encuentroinformativo.com.mx\/index.php?rest_route=\/wp\/v2\/posts\/21203","targetHints":{"allow":["GET"]}}],"collection":[{"href":"https:\/\/encuentroinformativo.com.mx\/index.php?rest_route=\/wp\/v2\/posts"}],"about":[{"href":"https:\/\/encuentroinformativo.com.mx\/index.php?rest_route=\/wp\/v2\/types\/post"}],"author":[{"embeddable":true,"href":"https:\/\/encuentroinformativo.com.mx\/index.php?rest_route=\/wp\/v2\/users\/1"}],"replies":[{"embeddable":true,"href":"https:\/\/encuentroinformativo.com.mx\/index.php?rest_route=%2Fwp%2Fv2%2Fcomments&post=21203"}],"version-history":[{"count":1,"href":"https:\/\/encuentroinformativo.com.mx\/index.php?rest_route=\/wp\/v2\/posts\/21203\/revisions"}],"predecessor-version":[{"id":21206,"href":"https:\/\/encuentroinformativo.com.mx\/index.php?rest_route=\/wp\/v2\/posts\/21203\/revisions\/21206"}],"wp:featuredmedia":[{"embeddable":true,"href":"https:\/\/encuentroinformativo.com.mx\/index.php?rest_route=\/wp\/v2\/media\/21204"}],"wp:attachment":[{"href":"https:\/\/encuentroinformativo.com.mx\/index.php?rest_route=%2Fwp%2Fv2%2Fmedia&parent=21203"}],"wp:term":[{"taxonomy":"category","embeddable":true,"href":"https:\/\/encuentroinformativo.com.mx\/index.php?rest_route=%2Fwp%2Fv2%2Fcategories&post=21203"},{"taxonomy":"post_tag","embeddable":true,"href":"https:\/\/encuentroinformativo.com.mx\/index.php?rest_route=%2Fwp%2Fv2%2Ftags&post=21203"}],"curies":[{"name":"wp","href":"https:\/\/api.w.org\/{rel}","templated":true}]}}