{"id":21214,"date":"2021-12-13T12:04:26","date_gmt":"2021-12-13T18:04:26","guid":{"rendered":"https:\/\/encuentroinformativo.com.mx\/?p=21214"},"modified":"2021-12-13T12:04:28","modified_gmt":"2021-12-13T18:04:28","slug":"invierten-empresarios-en-central-de-abastos-de-medellin","status":"publish","type":"post","link":"https:\/\/encuentroinformativo.com.mx\/?p=21214","title":{"rendered":"Invierten empresarios en Central de Abastos de Medell\u00edn"},"content":{"rendered":"\n<p><strong>Alejandro \u00c1vila<\/strong><\/p>\n\n\n\n<p>Medell\u00edn de Bravo, Ver.- Ante la inevitable inflaci\u00f3n que aumentar\u00e1 los productos de la canasta b\u00e1sica en enero del 2022; un grupo de empresarios veracruzanos, decidieron crear una Central de Abastos en la localidad La Palmira del municipio de Medell\u00edn de Bravo, con el objetivo de reducir costos a los ciudadanos.<\/p>\n\n\n\n<p>El Super GG, como fue nombrado, busca acercar los productos de la canasta b\u00e1sica a precios accesibles de cientos de familias que diariamente tienen que gastar en transporte hasta cabecera municipal o la localidad de El Tejar, para poder hacer su despensa, causando estragos en sus bolsillos.\u00a0<\/p>\n\n\n\n<p>Este proyecto beneficia a las comunidades de Palmira, el Cedral, Los Pichones, Mata Ort\u00edz, Mozambique, los Coyotes, Moralillo, entre otras, quienes a partir de hoy podr\u00e1n adquirir productos de calidad sin gastar m\u00e1s.&nbsp;<\/p>\n\n\n\n<p>En Super GG se detall\u00f3 podr\u00e1n encontrar productos como arroz, frijol, huevos, aceite, cebolla, az\u00facar, articulos de limpieza, higiene personal, enlatados y una variedad de mercancia que ayudar\u00e1n a proporcionare una buena nutrici\u00f3n a la poblaci\u00f3n; incluso podr\u00e1n encontrar juguetes y bisuter\u00eda.<\/p>\n\n\n\n<p>En la inauguraci\u00f3n se cont\u00f3 con la presencia de los empresarios veracruzanos Guillermo Herrada Jim\u00e9nez,&nbsp; Betsab\u00e9 Sol\u00eds Neri, Fernando Aguirre Arredondo y Manolo Maza Saavedra.<\/p>\n","protected":false},"excerpt":{"rendered":"<p>Alejandro \u00c1vila Medell\u00edn de Bravo, Ver.- Ante la inevitable inflaci\u00f3n que aumentar\u00e1 los productos de la canasta b\u00e1sica en enero del 2022; un grupo de empresarios veracruzanos, decidieron crear una Central de Abastos en la localidad La Palmira del municipio de Medell\u00edn de Bravo, con el objetivo de reducir costos a los ciudadanos. El Super [&hellip;]<\/p>\n","protected":false},"author":1,"featured_media":21215,"comment_status":"open","ping_status":"open","sticky":false,"template":"","format":"standard","meta":{"_jetpack_memberships_contains_paid_content":false,"footnotes":""},"categories":[2],"tags":[],"class_list":["post-21214","post","type-post","status-publish","format-standard","has-post-thumbnail","hentry","category-estado"],"jetpack_featured_media_url":"https:\/\/encuentroinformativo.com.mx\/wp-content\/uploads\/2021\/12\/16B20F15-3418-466B-840E-45FCC016954D.jpeg","jetpack_sharing_enabled":true,"jetpack_likes_enabled":true,"amp_enabled":true,"_links":{"self":[{"href":"https:\/\/encuentroinformativo.com.mx\/index.php?rest_route=\/wp\/v2\/posts\/21214","targetHints":{"allow":["GET"]}}],"collection":[{"href":"https:\/\/encuentroinformativo.com.mx\/index.php?rest_route=\/wp\/v2\/posts"}],"about":[{"href":"https:\/\/encuentroinformativo.com.mx\/index.php?rest_route=\/wp\/v2\/types\/post"}],"author":[{"embeddable":true,"href":"https:\/\/encuentroinformativo.com.mx\/index.php?rest_route=\/wp\/v2\/users\/1"}],"replies":[{"embeddable":true,"href":"https:\/\/encuentroinformativo.com.mx\/index.php?rest_route=%2Fwp%2Fv2%2Fcomments&post=21214"}],"version-history":[{"count":1,"href":"https:\/\/encuentroinformativo.com.mx\/index.php?rest_route=\/wp\/v2\/posts\/21214\/revisions"}],"predecessor-version":[{"id":21216,"href":"https:\/\/encuentroinformativo.com.mx\/index.php?rest_route=\/wp\/v2\/posts\/21214\/revisions\/21216"}],"wp:featuredmedia":[{"embeddable":true,"href":"https:\/\/encuentroinformativo.com.mx\/index.php?rest_route=\/wp\/v2\/media\/21215"}],"wp:attachment":[{"href":"https:\/\/encuentroinformativo.com.mx\/index.php?rest_route=%2Fwp%2Fv2%2Fmedia&parent=21214"}],"wp:term":[{"taxonomy":"category","embeddable":true,"href":"https:\/\/encuentroinformativo.com.mx\/index.php?rest_route=%2Fwp%2Fv2%2Fcategories&post=21214"},{"taxonomy":"post_tag","embeddable":true,"href":"https:\/\/encuentroinformativo.com.mx\/index.php?rest_route=%2Fwp%2Fv2%2Ftags&post=21214"}],"curies":[{"name":"wp","href":"https:\/\/api.w.org\/{rel}","templated":true}]}}