{"id":21224,"date":"2021-12-13T13:34:37","date_gmt":"2021-12-13T19:34:37","guid":{"rendered":"https:\/\/encuentroinformativo.com.mx\/?p=21224"},"modified":"2021-12-13T13:34:40","modified_gmt":"2021-12-13T19:34:40","slug":"reclaman-comerciantes-instalacion-en-parque-de-coatepec","status":"publish","type":"post","link":"https:\/\/encuentroinformativo.com.mx\/?p=21224","title":{"rendered":"Reclaman comerciantes instalaci\u00f3n en parque de Coatepec"},"content":{"rendered":"\n<p><strong>Juan Arcos<\/strong><\/p>\n\n\n\n<p>Xalapa, Ver.- Comerciantes semifijos instalaron sus puestos sobre el parque Miguel Hidalgo del municipio de Coatepec, como parte de una protesta pac\u00edfica para exigir al ayuntamiento que les permita regresar a sus espacios de trabajo.<\/p>\n\n\n\n<p>Se trata de 70 vendedores de globos, churros, papas fritas, juguetes, helados, hamburguesas y esquites, quienes llevan casi dos a\u00f1os sin poder laborar en los lugares que les fueron asignados por administraciones pasadas.<\/p>\n\n\n\n<p>De acuerdo con Rafael Hern\u00e1ndez Segovia, representante de los comerciantes adheridos a la Confederaci\u00f3n de Trabajadores de M\u00e9xico (CTM), el pasado 8 de junio se firm\u00f3 una minuta con autoridades municipales para garantizar su reingreso al parque el 15 de septiembre.<\/p>\n\n\n\n<p>Se prolongaron los trabajos por parte del ayuntamiento y los vendedores respetaron dicha situaci\u00f3n; sin embargo, hasta el momento, no les han autorizado su reinstalaci\u00f3n.<\/p>\n\n\n\n<p>\u201cLo \u00fanico que queremos es que nos reintegren a hacer nuestro trabajo con cotidianamente lo hemos hecho por m\u00e1s de 40 a\u00f1os\u201d, expres\u00f3 el l\u00edder de los comerciantes.<\/p>\n\n\n\n<p>Adem\u00e1s, acusaron que el alcalde actual Luis Enrique Fern\u00e1ndez Peredo pretende que los vendedores regresen a sus espacios el pr\u00f3ximo 10 de enero, cuando haya concluido el programa \u201cOrgullo Navide\u00f1o\u201d y sea retirada la pista de hielo.<\/p>\n\n\n\n<p>Los vendedores temen que culmine la administraci\u00f3n municipal y pierdan sus espacios en el parque mencionado, mismo que es considerado uno de los principales atractivos tur\u00edsticos del Pueblo M\u00e1gico.<\/p>\n\n\n\n<p>En este momento, los comerciantes semifijos se encuentran sobre las calles Aldama, Miguel Lerdo, 5 de Mayo, Luis de San Jos\u00e9 y Jim\u00e9nez del Campillo, en las inmediaciones de donde se llevan a cabo actividades culturales y art\u00edsticas por el festival navide\u00f1o mencionado.<\/p>\n\n\n\n<p>\u201cSimple y sencillamente esta administraci\u00f3n est\u00e1 siendo omisa y ya no quiere hacer v\u00e1lida la minuta que se est\u00e1 firmando, platicaremos con la siguiente administraci\u00f3n, pero cuando ya est\u00e9n instalados, pero nosotros queremos que esta administraci\u00f3n, la cual ejecut\u00f3 la obra ac\u00e1 en el parque sea la que nos regrese a nuestros lugares de origen\u201d, enfatiz\u00f3 Hern\u00e1ndez Segovia.<\/p>\n\n\n\n<p>En la protesta tambi\u00e9n participaron comerciantes y los l\u00edderes de las organizaciones Antorcha Campesina y la Confederaci\u00f3n Revolucionaria de Obreros y Campesinos (CROC).<\/p>\n\n\n\n<figure class=\"wp-block-image size-large\"><img loading=\"lazy\" decoding=\"async\" width=\"1024\" height=\"768\" src=\"https:\/\/encuentroinformativo.com.mx\/wp-content\/uploads\/2021\/12\/066D42EC-D948-49DE-9462-EA8C6AB974BF-1024x768.jpeg\" alt=\"\" class=\"wp-image-21226\" srcset=\"https:\/\/encuentroinformativo.com.mx\/wp-content\/uploads\/2021\/12\/066D42EC-D948-49DE-9462-EA8C6AB974BF-1024x768.jpeg 1024w, https:\/\/encuentroinformativo.com.mx\/wp-content\/uploads\/2021\/12\/066D42EC-D948-49DE-9462-EA8C6AB974BF-300x225.jpeg 300w, https:\/\/encuentroinformativo.com.mx\/wp-content\/uploads\/2021\/12\/066D42EC-D948-49DE-9462-EA8C6AB974BF-768x576.jpeg 768w, https:\/\/encuentroinformativo.com.mx\/wp-content\/uploads\/2021\/12\/066D42EC-D948-49DE-9462-EA8C6AB974BF-1536x1152.jpeg 1536w, https:\/\/encuentroinformativo.com.mx\/wp-content\/uploads\/2021\/12\/066D42EC-D948-49DE-9462-EA8C6AB974BF.jpeg 2016w\" sizes=\"auto, (max-width: 1024px) 100vw, 1024px\" \/><\/figure>\n","protected":false},"excerpt":{"rendered":"<p>Juan Arcos Xalapa, Ver.- Comerciantes semifijos instalaron sus puestos sobre el parque Miguel Hidalgo del municipio de Coatepec, como parte de una protesta pac\u00edfica para exigir al ayuntamiento que les permita regresar a sus espacios de trabajo. Se trata de 70 vendedores de globos, churros, papas fritas, juguetes, helados, hamburguesas y esquites, quienes llevan casi [&hellip;]<\/p>\n","protected":false},"author":1,"featured_media":21225,"comment_status":"open","ping_status":"open","sticky":false,"template":"","format":"standard","meta":{"_jetpack_memberships_contains_paid_content":false,"footnotes":""},"categories":[8],"tags":[],"class_list":["post-21224","post","type-post","status-publish","format-standard","has-post-thumbnail","hentry","category-region"],"jetpack_featured_media_url":"https:\/\/encuentroinformativo.com.mx\/wp-content\/uploads\/2021\/12\/A32EC51D-8084-4AC0-AC52-7EF9E7D72C1A.jpeg","jetpack_sharing_enabled":true,"jetpack_likes_enabled":true,"amp_enabled":true,"_links":{"self":[{"href":"https:\/\/encuentroinformativo.com.mx\/index.php?rest_route=\/wp\/v2\/posts\/21224","targetHints":{"allow":["GET"]}}],"collection":[{"href":"https:\/\/encuentroinformativo.com.mx\/index.php?rest_route=\/wp\/v2\/posts"}],"about":[{"href":"https:\/\/encuentroinformativo.com.mx\/index.php?rest_route=\/wp\/v2\/types\/post"}],"author":[{"embeddable":true,"href":"https:\/\/encuentroinformativo.com.mx\/index.php?rest_route=\/wp\/v2\/users\/1"}],"replies":[{"embeddable":true,"href":"https:\/\/encuentroinformativo.com.mx\/index.php?rest_route=%2Fwp%2Fv2%2Fcomments&post=21224"}],"version-history":[{"count":1,"href":"https:\/\/encuentroinformativo.com.mx\/index.php?rest_route=\/wp\/v2\/posts\/21224\/revisions"}],"predecessor-version":[{"id":21227,"href":"https:\/\/encuentroinformativo.com.mx\/index.php?rest_route=\/wp\/v2\/posts\/21224\/revisions\/21227"}],"wp:featuredmedia":[{"embeddable":true,"href":"https:\/\/encuentroinformativo.com.mx\/index.php?rest_route=\/wp\/v2\/media\/21225"}],"wp:attachment":[{"href":"https:\/\/encuentroinformativo.com.mx\/index.php?rest_route=%2Fwp%2Fv2%2Fmedia&parent=21224"}],"wp:term":[{"taxonomy":"category","embeddable":true,"href":"https:\/\/encuentroinformativo.com.mx\/index.php?rest_route=%2Fwp%2Fv2%2Fcategories&post=21224"},{"taxonomy":"post_tag","embeddable":true,"href":"https:\/\/encuentroinformativo.com.mx\/index.php?rest_route=%2Fwp%2Fv2%2Ftags&post=21224"}],"curies":[{"name":"wp","href":"https:\/\/api.w.org\/{rel}","templated":true}]}}