{"id":21228,"date":"2021-12-13T13:53:58","date_gmt":"2021-12-13T19:53:58","guid":{"rendered":"https:\/\/encuentroinformativo.com.mx\/?p=21228"},"modified":"2021-12-13T13:54:01","modified_gmt":"2021-12-13T19:54:01","slug":"cierre-de-calles-afecto-ventas-se-quejan-en-coatepec","status":"publish","type":"post","link":"https:\/\/encuentroinformativo.com.mx\/?p=21228","title":{"rendered":"Cierre de calles, afect\u00f3 ventas; se quejan en Coatepec"},"content":{"rendered":"\n<p><strong>Juan Arcos<\/strong><\/p>\n\n\n\n<p>Coatepec, Ver.- Comerciantes establecidos denunciaron que no han registrado ganancias econ\u00f3micas en el municipio de Coatepec, pese a la instalaci\u00f3n de la pista de hielo para detonar el turismo.<\/p>\n\n\n\n<p>Algunos de los empresarios comentaron que incluso tuvieron que ampliar sus horarios para recibir a un mayor n\u00famero de personas en sus negocios.<\/p>\n\n\n\n<p>De acuerdo con Adriana Arregu\u00edn, due\u00f1a de una cafeter\u00eda, el cierre de las calles en el Centro Hist\u00f3rico del Pueblo M\u00e1gico y la falta de estacionamientos ha perjudicado de manera notoria al sector.<\/p>\n\n\n\n<p>\u201cAl comercio local no le ha beneficiado la pista de hielo, porque el dinero en lugar de irse a la secci\u00f3n que paga impuestos, que paga renta, que paga empleados, pues no, se reparte entre todos porque invitaron a gente de todo el estado\u201d, expres\u00f3.<\/p>\n\n\n\n<p>Aunque los restauranteros ampliaron sus espacios sobre las calles, mediante la instalaci\u00f3n de terrazas, sus espacios han lucido vac\u00edos, sobre todo entre semana.<\/p>\n\n\n\n<p>\u201cEn todo el d\u00eda no tenemos gente, ya tuvimos que modificar nuestros horarios, nosotros adaptarnos al cliente y si cerramos m\u00e1s tarde igual nos llega un poco m\u00e1s de gente\u201d, enfatiz\u00f3 la entrevistada.<\/p>\n\n\n\n<p>Cabe recordar que autoridades municipales y estatales implementaron el programa \u201cOrgullo Navide\u00f1o\u201d, del 30 de noviembre al 9 de enero, para reactivar la la econom\u00eda en la regi\u00f3n.<\/p>\n\n\n\n<p>Sin embargo, hasta el momento, la iniciativa no ha beneficiado a todos los sectores de la poblaci\u00f3n.<\/p>\n\n\n\n<p>\u201cFavorece m\u00e1s cuando hay lugares para estacionarse y tenemos flujo de la calle, pero ahora est\u00e1 cerrado. S\u00ed abrieron la calle Morelos y activaron dos estacionamientos, porque no estaban contemplados para este programa\u201d, indic\u00f3 Adriana Arregu\u00edn.<\/p>\n\n\n\n<p>Los empresarios mencionaron que el caos vial que se ha registrado por el cierre de la calle 5 de Mayo, Aldama, Jim\u00e9nez del Campillo y otras, ahuyenta al turismo.<\/p>\n","protected":false},"excerpt":{"rendered":"<p>Juan Arcos Coatepec, Ver.- Comerciantes establecidos denunciaron que no han registrado ganancias econ\u00f3micas en el municipio de Coatepec, pese a la instalaci\u00f3n de la pista de hielo para detonar el turismo. Algunos de los empresarios comentaron que incluso tuvieron que ampliar sus horarios para recibir a un mayor n\u00famero de personas en sus negocios. De [&hellip;]<\/p>\n","protected":false},"author":1,"featured_media":21229,"comment_status":"open","ping_status":"open","sticky":false,"template":"","format":"standard","meta":{"_jetpack_memberships_contains_paid_content":false,"footnotes":""},"categories":[8],"tags":[],"class_list":["post-21228","post","type-post","status-publish","format-standard","has-post-thumbnail","hentry","category-region"],"jetpack_featured_media_url":"https:\/\/encuentroinformativo.com.mx\/wp-content\/uploads\/2021\/12\/19F668B0-92AA-4AD6-9B07-F101288BC9D6.jpeg","jetpack_sharing_enabled":true,"jetpack_likes_enabled":true,"amp_enabled":true,"_links":{"self":[{"href":"https:\/\/encuentroinformativo.com.mx\/index.php?rest_route=\/wp\/v2\/posts\/21228","targetHints":{"allow":["GET"]}}],"collection":[{"href":"https:\/\/encuentroinformativo.com.mx\/index.php?rest_route=\/wp\/v2\/posts"}],"about":[{"href":"https:\/\/encuentroinformativo.com.mx\/index.php?rest_route=\/wp\/v2\/types\/post"}],"author":[{"embeddable":true,"href":"https:\/\/encuentroinformativo.com.mx\/index.php?rest_route=\/wp\/v2\/users\/1"}],"replies":[{"embeddable":true,"href":"https:\/\/encuentroinformativo.com.mx\/index.php?rest_route=%2Fwp%2Fv2%2Fcomments&post=21228"}],"version-history":[{"count":1,"href":"https:\/\/encuentroinformativo.com.mx\/index.php?rest_route=\/wp\/v2\/posts\/21228\/revisions"}],"predecessor-version":[{"id":21230,"href":"https:\/\/encuentroinformativo.com.mx\/index.php?rest_route=\/wp\/v2\/posts\/21228\/revisions\/21230"}],"wp:featuredmedia":[{"embeddable":true,"href":"https:\/\/encuentroinformativo.com.mx\/index.php?rest_route=\/wp\/v2\/media\/21229"}],"wp:attachment":[{"href":"https:\/\/encuentroinformativo.com.mx\/index.php?rest_route=%2Fwp%2Fv2%2Fmedia&parent=21228"}],"wp:term":[{"taxonomy":"category","embeddable":true,"href":"https:\/\/encuentroinformativo.com.mx\/index.php?rest_route=%2Fwp%2Fv2%2Fcategories&post=21228"},{"taxonomy":"post_tag","embeddable":true,"href":"https:\/\/encuentroinformativo.com.mx\/index.php?rest_route=%2Fwp%2Fv2%2Ftags&post=21228"}],"curies":[{"name":"wp","href":"https:\/\/api.w.org\/{rel}","templated":true}]}}