{"id":21231,"date":"2021-12-13T15:15:21","date_gmt":"2021-12-13T21:15:21","guid":{"rendered":"https:\/\/encuentroinformativo.com.mx\/?p=21231"},"modified":"2021-12-13T15:15:25","modified_gmt":"2021-12-13T21:15:25","slug":"localizan-cuerpo-colgado-de-arbol-en-xalapa","status":"publish","type":"post","link":"https:\/\/encuentroinformativo.com.mx\/?p=21231","title":{"rendered":"Localizan cuerpo colgado de \u00e1rbol en Xalapa"},"content":{"rendered":"\n<p><strong>Juan Arcos<\/strong><\/p>\n\n\n\n<p>Xalapa, Ver.- El cuerpo de una persona fue encontrado colgado de un \u00e1rbol en la colonia Guadalupe Victoria, en los l\u00edmites de Xalapa con el municipio de San Andr\u00e9s Tlalnelhuayocan.<\/p>\n\n\n\n<p>Elementos de la Polic\u00eda Municipal y de la Fuerza Civil acudieron al sitio, luego de recibir un reporte al n\u00famero de emergencia 911, alrededor de las 12:00 horas de este lunes 13 de diciembre.<\/p>\n\n\n\n<p>Estos hechos se registraron sobre la calle Divisi\u00f3n del Norte, al interior de un \u00e1rea verde, una zona que fue resguardada por los elementos de seguridad.<\/p>\n\n\n\n<p>Se trata de un joven que vest\u00eda pantal\u00f3n caf\u00e9, camisa negra y tenis blancos, pero que a\u00fan no ha sido identificado por los polic\u00edas.<\/p>\n\n\n\n<p>Los polic\u00edas acordonaron el sitio y solicitaron la presencia del personal de la Direcci\u00f3n de Servicios Periciales para el levantamiento del cuerpo y su t Rea dolado al Servicio M\u00e9dico Forense (Semefo).<\/p>\n\n\n\n<p>Al lugar tambi\u00e9n llegaron elementos del Escuadr\u00f3n Nacional de Rescate, quienes realizar\u00edan las maniobras para recuperar el cuerpo.<\/p>\n\n\n\n<p>La Fiscal\u00eda General del Estado (FGE) iniciar\u00e1 las investigaciones pertinentes para conocer la causa de muerte; sin embargo, podr\u00eda tratarse de un suicidio.<\/p>\n","protected":false},"excerpt":{"rendered":"<p>Juan Arcos Xalapa, Ver.- El cuerpo de una persona fue encontrado colgado de un \u00e1rbol en la colonia Guadalupe Victoria, en los l\u00edmites de Xalapa con el municipio de San Andr\u00e9s Tlalnelhuayocan. Elementos de la Polic\u00eda Municipal y de la Fuerza Civil acudieron al sitio, luego de recibir un reporte al n\u00famero de emergencia 911, [&hellip;]<\/p>\n","protected":false},"author":1,"featured_media":21232,"comment_status":"open","ping_status":"open","sticky":false,"template":"","format":"standard","meta":{"_jetpack_memberships_contains_paid_content":false,"footnotes":""},"categories":[14],"tags":[],"class_list":["post-21231","post","type-post","status-publish","format-standard","has-post-thumbnail","hentry","category-policiaca"],"jetpack_featured_media_url":"https:\/\/encuentroinformativo.com.mx\/wp-content\/uploads\/2021\/12\/2912B92E-7395-4E76-B471-4E84B880E6DC.jpeg","jetpack_sharing_enabled":true,"jetpack_likes_enabled":true,"amp_enabled":true,"_links":{"self":[{"href":"https:\/\/encuentroinformativo.com.mx\/index.php?rest_route=\/wp\/v2\/posts\/21231","targetHints":{"allow":["GET"]}}],"collection":[{"href":"https:\/\/encuentroinformativo.com.mx\/index.php?rest_route=\/wp\/v2\/posts"}],"about":[{"href":"https:\/\/encuentroinformativo.com.mx\/index.php?rest_route=\/wp\/v2\/types\/post"}],"author":[{"embeddable":true,"href":"https:\/\/encuentroinformativo.com.mx\/index.php?rest_route=\/wp\/v2\/users\/1"}],"replies":[{"embeddable":true,"href":"https:\/\/encuentroinformativo.com.mx\/index.php?rest_route=%2Fwp%2Fv2%2Fcomments&post=21231"}],"version-history":[{"count":1,"href":"https:\/\/encuentroinformativo.com.mx\/index.php?rest_route=\/wp\/v2\/posts\/21231\/revisions"}],"predecessor-version":[{"id":21233,"href":"https:\/\/encuentroinformativo.com.mx\/index.php?rest_route=\/wp\/v2\/posts\/21231\/revisions\/21233"}],"wp:featuredmedia":[{"embeddable":true,"href":"https:\/\/encuentroinformativo.com.mx\/index.php?rest_route=\/wp\/v2\/media\/21232"}],"wp:attachment":[{"href":"https:\/\/encuentroinformativo.com.mx\/index.php?rest_route=%2Fwp%2Fv2%2Fmedia&parent=21231"}],"wp:term":[{"taxonomy":"category","embeddable":true,"href":"https:\/\/encuentroinformativo.com.mx\/index.php?rest_route=%2Fwp%2Fv2%2Fcategories&post=21231"},{"taxonomy":"post_tag","embeddable":true,"href":"https:\/\/encuentroinformativo.com.mx\/index.php?rest_route=%2Fwp%2Fv2%2Ftags&post=21231"}],"curies":[{"name":"wp","href":"https:\/\/api.w.org\/{rel}","templated":true}]}}