{"id":21240,"date":"2021-12-13T17:36:39","date_gmt":"2021-12-13T23:36:39","guid":{"rendered":"https:\/\/encuentroinformativo.com.mx\/?p=21240"},"modified":"2021-12-13T17:36:43","modified_gmt":"2021-12-13T23:36:43","slug":"uv-pondra-en-marcha-aulas-hibridas","status":"publish","type":"post","link":"https:\/\/encuentroinformativo.com.mx\/?p=21240","title":{"rendered":"UV pondr\u00e1 en marcha aulas h\u00edbridas"},"content":{"rendered":"\n<p><strong>Dar\u00edo Pale<\/strong><\/p>\n\n\n\n<p>Xalapa, Ver.- Las aulas h\u00edbridas de la Universidad Veracruzana (UV), se pondr\u00e1n en marcha a finales del mes de febrero o a inicios del mes de marzo as\u00ed lo inform\u00f3, el rector de la m\u00e1xima casa de estudios Mart\u00edn Aguilar S\u00e1nchez.<\/p>\n\n\n\n<p>Entrevistado en el Congreso del Estado dio a conocer que, estar\u00e1n en todos los campus, pero se instalar\u00e1n de manera proporcional, aunque la mayor\u00eda estar\u00e1n en Xalapa debido a que en esta capital se ubica la mayor\u00eda de las facultades.<\/p>\n\n\n\n<p>Asimismo, habr\u00e1 este tipo de aulas en la zona norte, centro y sur de la entidad, destac\u00f3 que la inversi\u00f3n ser\u00e1 aproximadamente de 117 millones de pesos.<\/p>\n\n\n\n<p>&#8220;Estamos para terminarlas pronto y eso nos ayuda al regreso a clases y para aquellos que tuvieran alg\u00fan problema, precisamente pensando en ello se puedan enlazar los j\u00f3venes que tuvieron alg\u00fan problema&#8221;, inform\u00f3.<\/p>\n\n\n\n<p>Aguilar S\u00e1nchez record\u00f3 que tuvieron un 15 por ciento de deserci\u00f3n escolar por el impacto de pandemia, algunos abandonaron clases por el semestre, pero otros abandonaron sus estudios.<\/p>\n\n\n\n<p>Lo que buscan cubrir con dichas aulas es el 15 por ciento que no pudo regresar, es decir, tratar de recuperarlos, aunado a ello, que contin\u00faen sus estudios aquellos que no pueden hacerlo por alguna circunstancia.<\/p>\n\n\n\n<p>Destac\u00f3 que los 117 millones de pesos para las aulas h\u00edbridas fueron por econom\u00eda que ten\u00eda la Casa de Estudios.<\/p>\n\n\n\n<p>Explic\u00f3 que en las aulas h\u00edbridas los j\u00f3venes podr\u00e1n estar de manera presencial y en l\u00ednea para tomar clases que contar\u00e1n con equipo de c\u00f3mputo, audiovisual, c\u00e1maras fotogr\u00e1ficas, salas de videoconferencias, entre otros.<\/p>\n\n\n\n<p>Por \u00faltimo en otro tema, el rector sostuvo que existen las condiciones sanitarias para regresar a clases de manera presencial a partir del pr\u00f3ximo semestre, a mediados del mes de febrero de 2022.<\/p>\n","protected":false},"excerpt":{"rendered":"<p>Dar\u00edo Pale Xalapa, Ver.- Las aulas h\u00edbridas de la Universidad Veracruzana (UV), se pondr\u00e1n en marcha a finales del mes de febrero o a inicios del mes de marzo as\u00ed lo inform\u00f3, el rector de la m\u00e1xima casa de estudios Mart\u00edn Aguilar S\u00e1nchez. Entrevistado en el Congreso del Estado dio a conocer que, estar\u00e1n en [&hellip;]<\/p>\n","protected":false},"author":1,"featured_media":21241,"comment_status":"open","ping_status":"open","sticky":false,"template":"","format":"standard","meta":{"_jetpack_memberships_contains_paid_content":false,"footnotes":""},"categories":[2],"tags":[],"class_list":["post-21240","post","type-post","status-publish","format-standard","has-post-thumbnail","hentry","category-estado"],"jetpack_featured_media_url":"https:\/\/encuentroinformativo.com.mx\/wp-content\/uploads\/2021\/12\/D335E523-5279-4F93-9EE4-85EC4D3DD056.jpeg","jetpack_sharing_enabled":true,"jetpack_likes_enabled":true,"amp_enabled":true,"_links":{"self":[{"href":"https:\/\/encuentroinformativo.com.mx\/index.php?rest_route=\/wp\/v2\/posts\/21240","targetHints":{"allow":["GET"]}}],"collection":[{"href":"https:\/\/encuentroinformativo.com.mx\/index.php?rest_route=\/wp\/v2\/posts"}],"about":[{"href":"https:\/\/encuentroinformativo.com.mx\/index.php?rest_route=\/wp\/v2\/types\/post"}],"author":[{"embeddable":true,"href":"https:\/\/encuentroinformativo.com.mx\/index.php?rest_route=\/wp\/v2\/users\/1"}],"replies":[{"embeddable":true,"href":"https:\/\/encuentroinformativo.com.mx\/index.php?rest_route=%2Fwp%2Fv2%2Fcomments&post=21240"}],"version-history":[{"count":1,"href":"https:\/\/encuentroinformativo.com.mx\/index.php?rest_route=\/wp\/v2\/posts\/21240\/revisions"}],"predecessor-version":[{"id":21242,"href":"https:\/\/encuentroinformativo.com.mx\/index.php?rest_route=\/wp\/v2\/posts\/21240\/revisions\/21242"}],"wp:featuredmedia":[{"embeddable":true,"href":"https:\/\/encuentroinformativo.com.mx\/index.php?rest_route=\/wp\/v2\/media\/21241"}],"wp:attachment":[{"href":"https:\/\/encuentroinformativo.com.mx\/index.php?rest_route=%2Fwp%2Fv2%2Fmedia&parent=21240"}],"wp:term":[{"taxonomy":"category","embeddable":true,"href":"https:\/\/encuentroinformativo.com.mx\/index.php?rest_route=%2Fwp%2Fv2%2Fcategories&post=21240"},{"taxonomy":"post_tag","embeddable":true,"href":"https:\/\/encuentroinformativo.com.mx\/index.php?rest_route=%2Fwp%2Fv2%2Ftags&post=21240"}],"curies":[{"name":"wp","href":"https:\/\/api.w.org\/{rel}","templated":true}]}}