{"id":21249,"date":"2021-12-14T09:13:44","date_gmt":"2021-12-14T15:13:44","guid":{"rendered":"https:\/\/encuentroinformativo.com.mx\/?p=21249"},"modified":"2021-12-14T09:13:48","modified_gmt":"2021-12-14T15:13:48","slug":"la-comparecencia-de-cuitlahuac","status":"publish","type":"post","link":"https:\/\/encuentroinformativo.com.mx\/?p=21249","title":{"rendered":"LA COMPARECENCIA DE CUITL\u00c1HUAC"},"content":{"rendered":"\n<p><strong>ColumnaSinNombre<br>@pablojair<\/strong><\/p>\n\n\n\n<ul class=\"wp-block-list\"><li>\u00bfQue los Yunes deben camionetas blindadas?<\/li><li>Ya no tendr\u00e1n recursos p\u00fablicos para la elecci\u00f3n.<\/li><li>Que \u201cChapito\u201d gana la elecci\u00f3n del PAN en Veracruz.<\/li><\/ul>\n\n\n\n<p>Que pasen a pagar la deuda de las Suburban fiadas, porfa<br>\u2014Chopenjawer<\/p>\n\n\n\n<p>El gobernador Cuitl\u00e1huac Garc\u00eda Jim\u00e9nez compareci\u00f3 en el Congreso del Estado sobre su Tercer Informe de Gobierno y hubo bastantes puntos para destacar.<\/p>\n\n\n\n<p>De entrada, se vio a un gobernador m\u00e1s seguro de s\u00ed mismo. Nada qu\u00e9 ver con el Cuitl\u00e1huac que parec\u00eda nervioso, improvisado e inexperto cuando hizo sus primeros informes y ten\u00eda que enfrentar al imponente Congreso. El comentario en general es que se vio a un personaje verdaderamente investido como gobernador con todo el poder a la mitad del sexenio.<\/p>\n\n\n\n<p>Otro fue el hecho de que la oposici\u00f3n estuvo a la altura para no aventarse discursos que fomentaran la discordia ni de que tampoco sacaran a relucir alguna foto o alg\u00fan documento relevante donde se intentara exhibir o embarrar al Gobierno del Estado en una situaci\u00f3n comprometedora.<\/p>\n\n\n\n<p>De hecho, el discurso que se pensaba ser\u00eda con toda la redacci\u00f3n desde Miami (saludos, Cascarita) se supone provendr\u00eda del representante de la bancada del PAN, Oth\u00f3n Hern\u00e1ndez Candanedo, pero no fue as\u00ed. Fue un discurso bastante mesurado, muy respetuoso y sin el caracter\u00edstico h\u00edgado que le ponen a sus textos quienes todav\u00eda no superan la derrota del 2018.<\/p>\n\n\n\n<p>Hab\u00eda tambi\u00e9n quienes esperaban un discurso fuerte del PRI y m\u00e1s por parte de la diputada Anil\u00fa Ingram (la que ha estado m\u00e1s aguerrida) pero al final de cuentas subi\u00f3 de esa bancada a la tribuna la diputada Arianna \u00c1ngeles y aplic\u00f3 la misma receta de los panistas: un discurso tranquilo, sin cuestionamientos graves.<\/p>\n\n\n\n<p>De lo anterior se pueden desprender dos lecturas: una, que al igual que est\u00e1 pasando en el escenario nacional (donde l\u00edderes del PAN ya tuvieron acercamiento con el gobierno del presidente Andr\u00e9s Manuel L\u00f3pez Obrador), aqu\u00ed est\u00e1n optando mejor llev\u00e1rsela tranquila y sentarse a dialogar con el gobierno, por m\u00e1s gordo que les caiga la Cuarta Transformeishion. Que el ponerse solamente a criticar por criticar, no les ha funcionado como estrategia, mucho menos la falsa victimizaci\u00f3n medi\u00e1tica de medio pelo en redes sociales.<\/p>\n\n\n\n<p>La otra lectura es que estos grupos controlados por el exgobernador Miguel \u00c1ngel Yunes Linares estar\u00edan enviando un mensaje por parte del exmandatario en el sentido de que ya le est\u00e1 bajando de yemas a sus ataques incendiarios, m\u00e1s cuando al paso de las horas se le ve a su familia un futuro incierto y complicado.<\/p>\n\n\n\n<p>No obstante, el gobernador s\u00ed sac\u00f3 a relucir l\u00edneas discursivas para recordar\u2026 y todas con dedicatorias amplias:<\/p>\n\n\n\n<p>\u201cNosotros no defendemos corruptos, si no que actuamos de frente al pueblo para que se haga realidad el principio de combatir la impunidad que alimentaron los gobiernos que me antecedieron para proteger a sus delfines pol\u00edticos que resultaron unos verdaderos ladrones de Tierra Blanca\u2026 perd\u00f3n, de cuello blanco\u201d\u2026 \u00a1Mokos, Tito!<\/p>\n\n\n\n<p>\u201cFueron tan corruptos y hoy quedan incluso algunos desmemoriados que en su momento no s\u00f3lo callaron, sino que aplaudieron el vertiginoso endeudamiento bancario en que nos arrastraban a todo el pueblo veracruzano. En la ominosa bursatilizaci\u00f3n ejecutada en el sexenio de Fidel Herrera cuando Javier Duarte era su secretario de Finanzas, hubo quien desde una c\u00f3moda curul enmudeci\u00f3 ante semejante robo disfrazado al erario\u201d\u2026 Aqu\u00ed le puedo asegurar que hubo m\u00e1s de una diputada y diputado que se hizo el occiso y trag\u00f3 sapos.<\/p>\n\n\n\n<p>Una dedicada al gober Cascarita y sus fans: \u201c\u00bfC\u00f3mo explicar que quien dec\u00eda resolver la inseguridad en seis meses nos dej\u00f3 una polic\u00eda con 2 mil 918 elementos operativos en 2018? \u00bfQu\u00e9 cara deben tener quienes defendieron a un fiscal que escondi\u00f3 carpetas, negoci\u00f3 la justicia con delincuentes, protegi\u00f3 a quien siendo Secretario de Gobierno golpe\u00f3 a su esposa? \u00bfQu\u00e9 deben decirle al pueblo desde esta tribuna donde se llegaron a rasgar las vestiduras en defensa de aquel exfiscal protegiendo a delincuentes y feminicidas encubiertos en el yunismo Aqu\u00ed en este recinto hubo quien defendi\u00f3 a capa y espada al exfiscal Jorge N, pr\u00f3fugo de la justicia\u201d.<\/p>\n\n\n\n<p>Y arremeti\u00f3: \u201c\u00bfQui\u00e9nes son los pretendidos mis\u00f3ginos?, \u00bfqui\u00e9nes conformaron parte de un gobierno que call\u00f3 la agresi\u00f3n de una mujer desde un alto cargo durante el yunismo o los que perteneciendo a la Cuarta Transformaci\u00f3n apoyaron a las mujeres?\u201d.<\/p>\n\n\n\n<p>La verdad que para el mandatario estatal fue un buen d\u00eda. Sali\u00f3 victorioso y fue bien respaldado por la bancada de su partido cuando colocaron en sus curules carteles con el mensaje: \u201cNo hay presos pol\u00edticos, hay corruptos presos\u201d.<\/p>\n\n\n\n<p>Y ah\u00ed uno agregar\u00eda: \u00bfd\u00f3nde estaban esos \u201cac\u00e9rrimos cr\u00edticos\u201d cuando met\u00edan al bote a exfuncionarios de gobierno como Juan Antonio Nemi Dib o Flavino R\u00edos Alvarado s\u00f3lo por las ansias de venganza y persecuci\u00f3n que hubo en el pasado bienio?<\/p>\n\n\n\n<p>Muy f\u00e1cil: en ese entonces le dec\u00edan \u201cjusticia\u201d, para no hacer enojar al demonio azul.<\/p>\n\n\n\n<p><strong>NOTA PARA PEGAR EN EL REFRI: <\/strong>\u00bfSer\u00e1 cierto eso de que la \u201cfamiglia\u201d del Estero debe todav\u00eda las camionetas blindadas y que los proveedores de plano no saben a qui\u00e9n cobrarle porque se desentendieron del asunto? \u00bfAndan con las camionetas fiadas? Una plana que diga: \u201cSe\u00f1ores Cascarita, Chiquito y Perrier, pasen a pagar el adeudo\u201d\u2026<\/p>\n\n\n\n<p><strong>OTRA NOTA:<\/strong> Lo comenta un agudo periodista cuenque\u00f1o: \u201cNo s\u00f3lo se va a anular la elecci\u00f3n de Veracruz, sino que la elecci\u00f3n nueva no la podr\u00e1n operar abiertamente los Yunes porque no van a tener ayuntamiento para prometer cargos ni tampoco los recursos p\u00fablicos para meterle dinero a la elecci\u00f3n. Podr\u00e1n tener mucho dinero, ser millonarios, pero de su bolsillo no ponen nada\u201d\u2026 Y s\u00ed: tienen fama de bien marros.<\/p>\n\n\n\n<p><strong>LA \u00daLTIMA PORQUE CANNABIDOL PARA EL DOLOR DE CHOYA: <\/strong>Que este lunes trascendi\u00f3 una encuesta donde Joaqu\u00edn Rosendo Guzm\u00e1n Avil\u00e9s supera por 30 puntos a su contrincante Federico Salom\u00f3n Medina. De acuerdo a los n\u00fameros, el de Tantoyuca tiene un 62% de preferencias sobre apenas 29% de su adversario, quien entr\u00f3 de \u00faltima hora luego de que detuvieran a Tito \u201cN\u201d\u2026 La elecci\u00f3n para la nueva dirigencia del PAN estatal ser\u00e1 este domingo y parece que ser\u00e1 una dura derrota (m\u00e1s la del puerto) para ya saben qui\u00e9nes.<\/p>\n","protected":false},"excerpt":{"rendered":"<p>ColumnaSinNombre@pablojair \u00bfQue los Yunes deben camionetas blindadas? Ya no tendr\u00e1n recursos p\u00fablicos para la elecci\u00f3n. Que \u201cChapito\u201d gana la elecci\u00f3n del PAN en Veracruz. Que pasen a pagar la deuda de las Suburban fiadas, porfa\u2014Chopenjawer El gobernador Cuitl\u00e1huac Garc\u00eda Jim\u00e9nez compareci\u00f3 en el Congreso del Estado sobre su Tercer Informe de Gobierno y hubo bastantes [&hellip;]<\/p>\n","protected":false},"author":1,"featured_media":488,"comment_status":"open","ping_status":"open","sticky":false,"template":"","format":"standard","meta":{"_jetpack_memberships_contains_paid_content":false,"footnotes":""},"categories":[11],"tags":[],"class_list":["post-21249","post","type-post","status-publish","format-standard","has-post-thumbnail","hentry","category-opinion"],"jetpack_featured_media_url":"https:\/\/encuentroinformativo.com.mx\/wp-content\/uploads\/2020\/03\/F471F608-BA1A-416B-BA7B-BCFB24F4E6D0.jpeg","jetpack_sharing_enabled":true,"jetpack_likes_enabled":true,"amp_enabled":true,"_links":{"self":[{"href":"https:\/\/encuentroinformativo.com.mx\/index.php?rest_route=\/wp\/v2\/posts\/21249","targetHints":{"allow":["GET"]}}],"collection":[{"href":"https:\/\/encuentroinformativo.com.mx\/index.php?rest_route=\/wp\/v2\/posts"}],"about":[{"href":"https:\/\/encuentroinformativo.com.mx\/index.php?rest_route=\/wp\/v2\/types\/post"}],"author":[{"embeddable":true,"href":"https:\/\/encuentroinformativo.com.mx\/index.php?rest_route=\/wp\/v2\/users\/1"}],"replies":[{"embeddable":true,"href":"https:\/\/encuentroinformativo.com.mx\/index.php?rest_route=%2Fwp%2Fv2%2Fcomments&post=21249"}],"version-history":[{"count":1,"href":"https:\/\/encuentroinformativo.com.mx\/index.php?rest_route=\/wp\/v2\/posts\/21249\/revisions"}],"predecessor-version":[{"id":21250,"href":"https:\/\/encuentroinformativo.com.mx\/index.php?rest_route=\/wp\/v2\/posts\/21249\/revisions\/21250"}],"wp:featuredmedia":[{"embeddable":true,"href":"https:\/\/encuentroinformativo.com.mx\/index.php?rest_route=\/wp\/v2\/media\/488"}],"wp:attachment":[{"href":"https:\/\/encuentroinformativo.com.mx\/index.php?rest_route=%2Fwp%2Fv2%2Fmedia&parent=21249"}],"wp:term":[{"taxonomy":"category","embeddable":true,"href":"https:\/\/encuentroinformativo.com.mx\/index.php?rest_route=%2Fwp%2Fv2%2Fcategories&post=21249"},{"taxonomy":"post_tag","embeddable":true,"href":"https:\/\/encuentroinformativo.com.mx\/index.php?rest_route=%2Fwp%2Fv2%2Ftags&post=21249"}],"curies":[{"name":"wp","href":"https:\/\/api.w.org\/{rel}","templated":true}]}}