{"id":21259,"date":"2021-12-14T12:15:59","date_gmt":"2021-12-14T18:15:59","guid":{"rendered":"https:\/\/encuentroinformativo.com.mx\/?p=21259"},"modified":"2021-12-14T12:16:02","modified_gmt":"2021-12-14T18:16:02","slug":"tlalixcoyan-solvento-observaciones-del-orfis-segun-alcalde","status":"publish","type":"post","link":"https:\/\/encuentroinformativo.com.mx\/?p=21259","title":{"rendered":"Tlalixcoyan solvent\u00f3 observaciones del ORFIS, seg\u00fan alcalde"},"content":{"rendered":"\n<p><strong>Alejandro \u00c1vila<\/strong><\/p>\n\n\n\n<p>Tlalixcoyan, Ver.- El alcalde de Tlalixcoyan, Agust\u00edn Lagunes \u00c1lvarez, asegur\u00f3 que ya logr\u00f3 solventar las observaciones que hizo el \u00d3rganos de Fiscalizaci\u00f3n Superior (ORFIS) por la Cuenta P\u00fablica 2019, donde se le finc\u00f3 un presunto da\u00f1o patrimonial.<\/p>\n\n\n\n<p>Del 2018, se\u00f1al\u00f3 que qued\u00f3 solventado todo, en 2020 no ha recibido queja alguna y mencion\u00f3 que ser\u00e1 igual en 2021 (aunque estos documentos ser\u00e1n entregados en abril del 2022).<\/p>\n\n\n\n<p>&#8220;S\u00ed nos fincaron da\u00f1o patrimonial por cierta cantidad en 2019, pero acreditamos nosotros la solventaci\u00f3n, solventamos las observaciones y pues estamos esperando que las autroridades determinen cual va a ser la situaci\u00f3n legal, pero bien (\u2026) s\u00ed, nosotros ya cumplimos&#8221;, subray\u00f3.<\/p>\n\n\n\n<p>El panista destac\u00f3 que durante la pandemia trabajaron arduamente y en alg\u00fan momento fueron el municipio con menor n\u00famero de contagios en la entidad veracruzana; aunado a ello, apoyaron para no cerrar comercios no esenciales y as\u00ed evitar que cayera la econom\u00eda.<\/p>\n\n\n\n<p>&#8220;Al inicio de la pandemia eramos de los municipios con menos contagios, incluso en algunas entrevistas les llamaba la atenci\u00f3n y recuerdo mucho el n\u00famero, &#8216;oye, como le haz hecho para tener tan pocos contagios&#8217;, y en ese entonces ten\u00edamos 3, aparec\u00eda en el mapa que publicaba la Secretar\u00eda de Salud del Estado y bueno de la Jurisdicci\u00f3n Sanitaria a la que pertenecemos, eramos de los municipios con menos contagios&#8221;, resalt\u00f3.<\/p>\n\n\n\n<p>Finalmente, &#8220;Guty&#8221; Lagunes, dijo que en este cierre de administraci\u00f3n se encuentra entregando obras en el sector educativo y deportivo, donde destaca los techos en escuelas, domos, y unidades deportivas en cabecera municipal y la localidad de Piedras Negras.<\/p>\n\n\n\n<p>&#8220;Con pasto sintetico, alumbrado, gradas, ba\u00f1os, instalaciones modernas y en condiciones de competencia en cualquier municipio&#8221;, asest\u00f3.<\/p>\n","protected":false},"excerpt":{"rendered":"<p>Alejandro \u00c1vila Tlalixcoyan, Ver.- El alcalde de Tlalixcoyan, Agust\u00edn Lagunes \u00c1lvarez, asegur\u00f3 que ya logr\u00f3 solventar las observaciones que hizo el \u00d3rganos de Fiscalizaci\u00f3n Superior (ORFIS) por la Cuenta P\u00fablica 2019, donde se le finc\u00f3 un presunto da\u00f1o patrimonial. Del 2018, se\u00f1al\u00f3 que qued\u00f3 solventado todo, en 2020 no ha recibido queja alguna y mencion\u00f3 [&hellip;]<\/p>\n","protected":false},"author":1,"featured_media":21260,"comment_status":"open","ping_status":"open","sticky":false,"template":"","format":"standard","meta":{"_jetpack_memberships_contains_paid_content":false,"footnotes":""},"categories":[2],"tags":[],"class_list":["post-21259","post","type-post","status-publish","format-standard","has-post-thumbnail","hentry","category-estado"],"jetpack_featured_media_url":"https:\/\/encuentroinformativo.com.mx\/wp-content\/uploads\/2021\/12\/3D3097B0-C04D-413B-A360-4F07EE620604.jpeg","jetpack_sharing_enabled":true,"jetpack_likes_enabled":true,"amp_enabled":true,"_links":{"self":[{"href":"https:\/\/encuentroinformativo.com.mx\/index.php?rest_route=\/wp\/v2\/posts\/21259","targetHints":{"allow":["GET"]}}],"collection":[{"href":"https:\/\/encuentroinformativo.com.mx\/index.php?rest_route=\/wp\/v2\/posts"}],"about":[{"href":"https:\/\/encuentroinformativo.com.mx\/index.php?rest_route=\/wp\/v2\/types\/post"}],"author":[{"embeddable":true,"href":"https:\/\/encuentroinformativo.com.mx\/index.php?rest_route=\/wp\/v2\/users\/1"}],"replies":[{"embeddable":true,"href":"https:\/\/encuentroinformativo.com.mx\/index.php?rest_route=%2Fwp%2Fv2%2Fcomments&post=21259"}],"version-history":[{"count":1,"href":"https:\/\/encuentroinformativo.com.mx\/index.php?rest_route=\/wp\/v2\/posts\/21259\/revisions"}],"predecessor-version":[{"id":21261,"href":"https:\/\/encuentroinformativo.com.mx\/index.php?rest_route=\/wp\/v2\/posts\/21259\/revisions\/21261"}],"wp:featuredmedia":[{"embeddable":true,"href":"https:\/\/encuentroinformativo.com.mx\/index.php?rest_route=\/wp\/v2\/media\/21260"}],"wp:attachment":[{"href":"https:\/\/encuentroinformativo.com.mx\/index.php?rest_route=%2Fwp%2Fv2%2Fmedia&parent=21259"}],"wp:term":[{"taxonomy":"category","embeddable":true,"href":"https:\/\/encuentroinformativo.com.mx\/index.php?rest_route=%2Fwp%2Fv2%2Fcategories&post=21259"},{"taxonomy":"post_tag","embeddable":true,"href":"https:\/\/encuentroinformativo.com.mx\/index.php?rest_route=%2Fwp%2Fv2%2Ftags&post=21259"}],"curies":[{"name":"wp","href":"https:\/\/api.w.org\/{rel}","templated":true}]}}