{"id":2126,"date":"2020-04-26T13:57:03","date_gmt":"2020-04-26T18:57:03","guid":{"rendered":"https:\/\/encuentroinformativo.com\/?p=2126"},"modified":"2020-04-26T13:57:05","modified_gmt":"2020-04-26T18:57:05","slug":"sin-funcionar-transporte-publico-para-personas-con-discapacidad","status":"publish","type":"post","link":"https:\/\/encuentroinformativo.com.mx\/?p=2126","title":{"rendered":"Sin funcionar transporte p\u00fablico para personas con discapacidad"},"content":{"rendered":"\n<p><strong>Juan Arcos<\/strong><\/p>\n\n\n\n<p>Xalapa, Ver.- El transporte p\u00fablico para personas con discapacidad dej\u00f3 de funcionar en Xalapa, denunci\u00f3 el deportista paral\u00edmpico Arturo Ch\u00e1vez \u00c1lvarez, mejor conocido como \u201cEl Grillo\u201d.<\/p>\n\n\n\n<p>El atleta dio a conocer que present\u00f3 fallas el autob\u00fas adaptado para dicho sector de la poblaci\u00f3n.<\/p>\n\n\n\n<p>Sin embargo, no ha sido reparado desde hace m\u00e1s de a\u00f1o y medio, situaci\u00f3n que dificulta la movilidad de las personas con discapacidad en la ciudad.<\/p>\n\n\n\n<p>\u201cNosotros con discapacidad, hemos dicho a los l\u00edderes de la concesi\u00f3n que pagamos la reparaci\u00f3n, pero no quieren\u201d.<\/p>\n\n\n\n<p>El entrevistado record\u00f3 que se trata de un cami\u00f3n p\u00fablico que trasladaba a cualquier pasajero, pero tambi\u00e9n daba servicio a personas con discapacidad, pues ten\u00eda rampas.<\/p>\n\n\n\n<p>Algunas personas usas muletas o sillas de ruedas y, por ello, actualmente no pueden movilizarse en la ciudad.<\/p>\n\n\n\n<p>\u201cMe traslado rodando desde la casa. Yo vengo desde Plaza Crystal, hay quienes vienen de Las \u00c1nimas. A veces nos movemos en taxi aunque muchas veces se ponen ro\u00f1osos para levantar a alguien como nosotros\u201d.<\/p>\n\n\n\n<p>Por tal motivo, solicit\u00f3 a las autoridades de transporte p\u00fablico que les permitan a los discapacitados cooperar para realizar la reparaci\u00f3n correspondiente.<\/p>\n","protected":false},"excerpt":{"rendered":"<p>Juan Arcos Xalapa, Ver.- El transporte p\u00fablico para personas con discapacidad dej\u00f3 de funcionar en Xalapa, denunci\u00f3 el deportista paral\u00edmpico Arturo Ch\u00e1vez \u00c1lvarez, mejor conocido como \u201cEl Grillo\u201d. El atleta dio a conocer que present\u00f3 fallas el autob\u00fas adaptado para dicho sector de la poblaci\u00f3n. Sin embargo, no ha sido reparado desde hace m\u00e1s de [&hellip;]<\/p>\n","protected":false},"author":1,"featured_media":2127,"comment_status":"open","ping_status":"open","sticky":false,"template":"","format":"standard","meta":{"_jetpack_memberships_contains_paid_content":false,"footnotes":""},"categories":[3],"tags":[],"class_list":["post-2126","post","type-post","status-publish","format-standard","has-post-thumbnail","hentry","category-xalapa"],"jetpack_featured_media_url":"https:\/\/encuentroinformativo.com.mx\/wp-content\/uploads\/2020\/04\/8E2E1204-C213-46B7-97FD-80AC9E8CACAD.jpeg","jetpack_sharing_enabled":true,"jetpack_likes_enabled":true,"amp_enabled":true,"_links":{"self":[{"href":"https:\/\/encuentroinformativo.com.mx\/index.php?rest_route=\/wp\/v2\/posts\/2126","targetHints":{"allow":["GET"]}}],"collection":[{"href":"https:\/\/encuentroinformativo.com.mx\/index.php?rest_route=\/wp\/v2\/posts"}],"about":[{"href":"https:\/\/encuentroinformativo.com.mx\/index.php?rest_route=\/wp\/v2\/types\/post"}],"author":[{"embeddable":true,"href":"https:\/\/encuentroinformativo.com.mx\/index.php?rest_route=\/wp\/v2\/users\/1"}],"replies":[{"embeddable":true,"href":"https:\/\/encuentroinformativo.com.mx\/index.php?rest_route=%2Fwp%2Fv2%2Fcomments&post=2126"}],"version-history":[{"count":1,"href":"https:\/\/encuentroinformativo.com.mx\/index.php?rest_route=\/wp\/v2\/posts\/2126\/revisions"}],"predecessor-version":[{"id":2128,"href":"https:\/\/encuentroinformativo.com.mx\/index.php?rest_route=\/wp\/v2\/posts\/2126\/revisions\/2128"}],"wp:featuredmedia":[{"embeddable":true,"href":"https:\/\/encuentroinformativo.com.mx\/index.php?rest_route=\/wp\/v2\/media\/2127"}],"wp:attachment":[{"href":"https:\/\/encuentroinformativo.com.mx\/index.php?rest_route=%2Fwp%2Fv2%2Fmedia&parent=2126"}],"wp:term":[{"taxonomy":"category","embeddable":true,"href":"https:\/\/encuentroinformativo.com.mx\/index.php?rest_route=%2Fwp%2Fv2%2Fcategories&post=2126"},{"taxonomy":"post_tag","embeddable":true,"href":"https:\/\/encuentroinformativo.com.mx\/index.php?rest_route=%2Fwp%2Fv2%2Ftags&post=2126"}],"curies":[{"name":"wp","href":"https:\/\/api.w.org\/{rel}","templated":true}]}}