{"id":21262,"date":"2021-12-14T12:48:45","date_gmt":"2021-12-14T18:48:45","guid":{"rendered":"https:\/\/encuentroinformativo.com.mx\/?p=21262"},"modified":"2021-12-14T12:48:49","modified_gmt":"2021-12-14T18:48:49","slug":"protestan-investigadores-respaldan-al-cide","status":"publish","type":"post","link":"https:\/\/encuentroinformativo.com.mx\/?p=21262","title":{"rendered":"Protestan investigadores; respaldan al CIDE"},"content":{"rendered":"\n<p><strong>Juan Arcos<\/strong><\/p>\n\n\n\n<p>Xalapa, Ver.- Investigadores del Instituto de Ecolog\u00eda (Inecol) y de otras instancias acad\u00e9micas protestaron frente a Palacio de Gobierno en apoyo a sus compa\u00f1eros del Centro de Investigaci\u00f3n y Docencia Econ\u00f3mica (CIDE) y de la Universidad de las Am\u00e9ricas Puebla (UDLAP).<\/p>\n\n\n\n<p>De acuerdo con Rafael Villegas, investigador del Inecol, en el CIDE se habla de una imposici\u00f3n de director y la UDLAP est\u00e1 tomada desde finales de junio pasado.<\/p>\n\n\n\n<p>Los acad\u00e9micos se manifestaron en apoyo al CIDE y para demandar la liberaci\u00f3n de la universidad poblana mencionada, pues se requiere su operatividad para el beneficio de la sociedad.<\/p>\n\n\n\n<p>\u201cSon instituciones de educaci\u00f3n que necesitamos que est\u00e9n operando y que est\u00e9n llamando la atenci\u00f3n de la prensa, pero por sus investigaciones por sus posgrados y no por la toma de la universidad\u201d.<\/p>\n\n\n\n<p>Cabe recodar que la Universidad de las Am\u00e9ricas fue tomada el pasado 29 de junio por polic\u00edas estatales y elementos de la Fiscal\u00eda General del Estado, tras una presunta orden de desalojo a consecuencia de una disputa legal con la familia Jenkins por la marca y el logotipo de la instancia acad\u00e9mica.<\/p>\n\n\n\n<p>El entrevistado indic\u00f3 que en el CIDE, que est\u00e1 tomado desde el 29 de noviembre pasado, no ha sido solucionado el conflicto, debido a que no ha habido di\u00e1logo por parte de autoridades del Consejo Nacional de Ciencia y Tecnolog\u00eda (Conacyt).<\/p>\n\n\n\n<p>Los acad\u00e9micos tambi\u00e9n se han pronunciado en contra de los recortes presupuestales a la ciencia, pues esta situaci\u00f3n dificulta la operaci\u00f3n de los centros de investigaci\u00f3n.\u00a0<br>Reprobaron que desde el sexenio de Felipe Calder\u00f3n Hinojosa a la fecha se haya recortado el presupuesto para proyectos cient\u00edficos en un 45 por ciento.<\/p>\n\n\n\n<figure class=\"wp-block-image size-large\"><img loading=\"lazy\" decoding=\"async\" width=\"1024\" height=\"768\" src=\"https:\/\/encuentroinformativo.com.mx\/wp-content\/uploads\/2021\/12\/7BFC292C-EE01-4F32-AC9A-48F82C671532-1024x768.jpeg\" alt=\"\" class=\"wp-image-21264\" srcset=\"https:\/\/encuentroinformativo.com.mx\/wp-content\/uploads\/2021\/12\/7BFC292C-EE01-4F32-AC9A-48F82C671532-1024x768.jpeg 1024w, https:\/\/encuentroinformativo.com.mx\/wp-content\/uploads\/2021\/12\/7BFC292C-EE01-4F32-AC9A-48F82C671532-300x225.jpeg 300w, https:\/\/encuentroinformativo.com.mx\/wp-content\/uploads\/2021\/12\/7BFC292C-EE01-4F32-AC9A-48F82C671532-768x576.jpeg 768w, https:\/\/encuentroinformativo.com.mx\/wp-content\/uploads\/2021\/12\/7BFC292C-EE01-4F32-AC9A-48F82C671532-1536x1152.jpeg 1536w, https:\/\/encuentroinformativo.com.mx\/wp-content\/uploads\/2021\/12\/7BFC292C-EE01-4F32-AC9A-48F82C671532.jpeg 2016w\" sizes=\"auto, (max-width: 1024px) 100vw, 1024px\" \/><\/figure>\n","protected":false},"excerpt":{"rendered":"<p>Juan Arcos Xalapa, Ver.- Investigadores del Instituto de Ecolog\u00eda (Inecol) y de otras instancias acad\u00e9micas protestaron frente a Palacio de Gobierno en apoyo a sus compa\u00f1eros del Centro de Investigaci\u00f3n y Docencia Econ\u00f3mica (CIDE) y de la Universidad de las Am\u00e9ricas Puebla (UDLAP). De acuerdo con Rafael Villegas, investigador del Inecol, en el CIDE se [&hellip;]<\/p>\n","protected":false},"author":1,"featured_media":21263,"comment_status":"open","ping_status":"open","sticky":false,"template":"","format":"standard","meta":{"_jetpack_memberships_contains_paid_content":false,"footnotes":""},"categories":[3],"tags":[],"class_list":["post-21262","post","type-post","status-publish","format-standard","has-post-thumbnail","hentry","category-xalapa"],"jetpack_featured_media_url":"https:\/\/encuentroinformativo.com.mx\/wp-content\/uploads\/2021\/12\/800B2BA2-10F2-480D-B11A-98A1D9349CD8.jpeg","jetpack_sharing_enabled":true,"jetpack_likes_enabled":true,"amp_enabled":true,"_links":{"self":[{"href":"https:\/\/encuentroinformativo.com.mx\/index.php?rest_route=\/wp\/v2\/posts\/21262","targetHints":{"allow":["GET"]}}],"collection":[{"href":"https:\/\/encuentroinformativo.com.mx\/index.php?rest_route=\/wp\/v2\/posts"}],"about":[{"href":"https:\/\/encuentroinformativo.com.mx\/index.php?rest_route=\/wp\/v2\/types\/post"}],"author":[{"embeddable":true,"href":"https:\/\/encuentroinformativo.com.mx\/index.php?rest_route=\/wp\/v2\/users\/1"}],"replies":[{"embeddable":true,"href":"https:\/\/encuentroinformativo.com.mx\/index.php?rest_route=%2Fwp%2Fv2%2Fcomments&post=21262"}],"version-history":[{"count":1,"href":"https:\/\/encuentroinformativo.com.mx\/index.php?rest_route=\/wp\/v2\/posts\/21262\/revisions"}],"predecessor-version":[{"id":21265,"href":"https:\/\/encuentroinformativo.com.mx\/index.php?rest_route=\/wp\/v2\/posts\/21262\/revisions\/21265"}],"wp:featuredmedia":[{"embeddable":true,"href":"https:\/\/encuentroinformativo.com.mx\/index.php?rest_route=\/wp\/v2\/media\/21263"}],"wp:attachment":[{"href":"https:\/\/encuentroinformativo.com.mx\/index.php?rest_route=%2Fwp%2Fv2%2Fmedia&parent=21262"}],"wp:term":[{"taxonomy":"category","embeddable":true,"href":"https:\/\/encuentroinformativo.com.mx\/index.php?rest_route=%2Fwp%2Fv2%2Fcategories&post=21262"},{"taxonomy":"post_tag","embeddable":true,"href":"https:\/\/encuentroinformativo.com.mx\/index.php?rest_route=%2Fwp%2Fv2%2Ftags&post=21262"}],"curies":[{"name":"wp","href":"https:\/\/api.w.org\/{rel}","templated":true}]}}