{"id":21274,"date":"2021-12-14T14:14:43","date_gmt":"2021-12-14T20:14:43","guid":{"rendered":"https:\/\/encuentroinformativo.com.mx\/?p=21274"},"modified":"2021-12-14T14:14:46","modified_gmt":"2021-12-14T20:14:46","slug":"se-desploma-venta-de-pollo-en-mercados","status":"publish","type":"post","link":"https:\/\/encuentroinformativo.com.mx\/?p=21274","title":{"rendered":"Se desploma venta de pollo en mercados"},"content":{"rendered":"\n<p><strong>Juan Arcos<\/strong><\/p>\n\n\n\n<p>Xalapa, Ver.- Las ventas de comerciantes de pollo no han repuntado en el mercado J\u00e1uregui de esta ciudad de Xalapa, a diez d\u00edas de la cena de Noche Buena.<\/p>\n\n\n\n<p>De acuerdo con Concepci\u00f3n Ramos, quien ha vendido pollo desde hace 20 a\u00f1os en el sitio, se trata del segundo a\u00f1o consecutivo con p\u00e9rdidas econ\u00f3micas debido a la pandemia del SARS-COV-2 (COVID-19).<\/p>\n\n\n\n<p>\u201cEl a\u00f1o pasado nos fue peor, acababa de pasar lo de la pandemia, menos hab\u00eda ventas, iba muy tranquilo esto, todo un a\u00f1o\u201d.<\/p>\n\n\n\n<p>La entrevistada mencion\u00f3 que, en a\u00f1os anteriores, durante estas fechas, las familias ya hab\u00edan realizado sus pedidos para la cena navide\u00f1a; sin embargo, en esta ocasi\u00f3n, no ha concretado ning\u00fan pedido para la siguiente semana.<\/p>\n\n\n\n<p>\u201cEn estas fechas ya dejaban apartados uno o dos pollitos, ahorita nada, todo normal como cualquier d\u00eda, hay d\u00edas buenos y d\u00edas en que no vende uno nada\u201d.<\/p>\n\n\n\n<p>El precio del pollo se duplic\u00f3 en comparaci\u00f3n con a\u00f1os anteriores, situaci\u00f3n que tambi\u00e9n ha influido en que las ventas hayan descendido.<\/p>\n\n\n\n<p>Los comerciantes tienen pocas esperanzas en que sus ventas mejoren durante los pr\u00f3ximos d\u00edas, toda vez que se observa poca afluencia de personas al interior del mercado.<\/p>\n\n\n\n<p>\u201cEsperemos a ver si esta semana repuntan las ventas pero parece que no, se ve poco movimiento\u201d, a\u00f1adi\u00f3 Concepci\u00f3n Ramos.<\/p>\n","protected":false},"excerpt":{"rendered":"<p>Juan Arcos Xalapa, Ver.- Las ventas de comerciantes de pollo no han repuntado en el mercado J\u00e1uregui de esta ciudad de Xalapa, a diez d\u00edas de la cena de Noche Buena. De acuerdo con Concepci\u00f3n Ramos, quien ha vendido pollo desde hace 20 a\u00f1os en el sitio, se trata del segundo a\u00f1o consecutivo con p\u00e9rdidas [&hellip;]<\/p>\n","protected":false},"author":1,"featured_media":21275,"comment_status":"open","ping_status":"open","sticky":false,"template":"","format":"standard","meta":{"_jetpack_memberships_contains_paid_content":false,"footnotes":""},"categories":[3],"tags":[],"class_list":["post-21274","post","type-post","status-publish","format-standard","has-post-thumbnail","hentry","category-xalapa"],"jetpack_featured_media_url":"https:\/\/encuentroinformativo.com.mx\/wp-content\/uploads\/2021\/12\/6B93BDC5-AD50-4EE2-8170-908F98D8056F.jpeg","jetpack_sharing_enabled":true,"jetpack_likes_enabled":true,"amp_enabled":true,"_links":{"self":[{"href":"https:\/\/encuentroinformativo.com.mx\/index.php?rest_route=\/wp\/v2\/posts\/21274","targetHints":{"allow":["GET"]}}],"collection":[{"href":"https:\/\/encuentroinformativo.com.mx\/index.php?rest_route=\/wp\/v2\/posts"}],"about":[{"href":"https:\/\/encuentroinformativo.com.mx\/index.php?rest_route=\/wp\/v2\/types\/post"}],"author":[{"embeddable":true,"href":"https:\/\/encuentroinformativo.com.mx\/index.php?rest_route=\/wp\/v2\/users\/1"}],"replies":[{"embeddable":true,"href":"https:\/\/encuentroinformativo.com.mx\/index.php?rest_route=%2Fwp%2Fv2%2Fcomments&post=21274"}],"version-history":[{"count":1,"href":"https:\/\/encuentroinformativo.com.mx\/index.php?rest_route=\/wp\/v2\/posts\/21274\/revisions"}],"predecessor-version":[{"id":21276,"href":"https:\/\/encuentroinformativo.com.mx\/index.php?rest_route=\/wp\/v2\/posts\/21274\/revisions\/21276"}],"wp:featuredmedia":[{"embeddable":true,"href":"https:\/\/encuentroinformativo.com.mx\/index.php?rest_route=\/wp\/v2\/media\/21275"}],"wp:attachment":[{"href":"https:\/\/encuentroinformativo.com.mx\/index.php?rest_route=%2Fwp%2Fv2%2Fmedia&parent=21274"}],"wp:term":[{"taxonomy":"category","embeddable":true,"href":"https:\/\/encuentroinformativo.com.mx\/index.php?rest_route=%2Fwp%2Fv2%2Fcategories&post=21274"},{"taxonomy":"post_tag","embeddable":true,"href":"https:\/\/encuentroinformativo.com.mx\/index.php?rest_route=%2Fwp%2Fv2%2Ftags&post=21274"}],"curies":[{"name":"wp","href":"https:\/\/api.w.org\/{rel}","templated":true}]}}