{"id":21277,"date":"2021-12-14T16:41:15","date_gmt":"2021-12-14T22:41:15","guid":{"rendered":"https:\/\/encuentroinformativo.com.mx\/?p=21277"},"modified":"2021-12-14T16:41:18","modified_gmt":"2021-12-14T22:41:18","slug":"niega-cisneros-intervencion-en-cambios-del-tev","status":"publish","type":"post","link":"https:\/\/encuentroinformativo.com.mx\/?p=21277","title":{"rendered":"Niega Cisneros intervenci\u00f3n en cambios del TEV"},"content":{"rendered":"\n<p><strong>Dar\u00edo Pale<\/strong><\/p>\n\n\n\n<p>Xalapa, Ver.- El secretario de Gobierno Eric Cisneros Burgos dio a conocer que el gobierno del Estado no tuvo nada que ver en la votaci\u00f3n a favor de\u00a0 Roberto Eduardo Sigala como presidente del Tribunal Estatal Electoral de Veracruz.<\/p>\n\n\n\n<p>En entrevista el secretario de Gobierno,\u00a0 deslind\u00f3 a la actual administraci\u00f3n de incidir en la mayor\u00eda de votos que obtuvo el magistrado Roberto Eduardo Sigala Aguilar para presidir TVEEV.<\/p>\n\n\n\n<p>Explic\u00f3 que el Poder Ejecutivo no interviene en los procesos internos de dicho organismo electoral, ya que es aut\u00f3nomo.<\/p>\n\n\n\n<p>&#8220;El Tribunal Electoral se Veracruz es aut\u00f3nomo y para que puedan elegir o no a un miembro, tiene que ser, primero, magistrado de los tres que hay y segundo, se eligen entre ellos. No entiendo c\u00f3mo podr\u00eda ser un pago, si los que eligen son dos de tres. Se ponen de acuerdo ellos, nosotros no tenemos nada que ver&#8221;, se\u00f1al\u00f3.<\/p>\n\n\n\n<p>Dio a conocer que fue en sesi\u00f3n privada que el Pleno del Tribunal Electoral vot\u00f3 porque el magistrado Roberto Eduardo Sigala Aguilar est\u00e9 al frente de este \u00f3rgano de justicia electoral, en sustituci\u00f3n de la magistrada Claudia D\u00edaz Tablada.<\/p>\n","protected":false},"excerpt":{"rendered":"<p>Dar\u00edo Pale Xalapa, Ver.- El secretario de Gobierno Eric Cisneros Burgos dio a conocer que el gobierno del Estado no tuvo nada que ver en la votaci\u00f3n a favor de\u00a0 Roberto Eduardo Sigala como presidente del Tribunal Estatal Electoral de Veracruz. En entrevista el secretario de Gobierno,\u00a0 deslind\u00f3 a la actual administraci\u00f3n de incidir en [&hellip;]<\/p>\n","protected":false},"author":1,"featured_media":21278,"comment_status":"open","ping_status":"open","sticky":false,"template":"","format":"standard","meta":{"_jetpack_memberships_contains_paid_content":false,"footnotes":""},"categories":[2],"tags":[],"class_list":["post-21277","post","type-post","status-publish","format-standard","has-post-thumbnail","hentry","category-estado"],"jetpack_featured_media_url":"https:\/\/encuentroinformativo.com.mx\/wp-content\/uploads\/2021\/12\/D01683C1-3E98-42E6-8A30-8FBC618FCFEC.jpeg","jetpack_sharing_enabled":true,"jetpack_likes_enabled":true,"amp_enabled":true,"_links":{"self":[{"href":"https:\/\/encuentroinformativo.com.mx\/index.php?rest_route=\/wp\/v2\/posts\/21277","targetHints":{"allow":["GET"]}}],"collection":[{"href":"https:\/\/encuentroinformativo.com.mx\/index.php?rest_route=\/wp\/v2\/posts"}],"about":[{"href":"https:\/\/encuentroinformativo.com.mx\/index.php?rest_route=\/wp\/v2\/types\/post"}],"author":[{"embeddable":true,"href":"https:\/\/encuentroinformativo.com.mx\/index.php?rest_route=\/wp\/v2\/users\/1"}],"replies":[{"embeddable":true,"href":"https:\/\/encuentroinformativo.com.mx\/index.php?rest_route=%2Fwp%2Fv2%2Fcomments&post=21277"}],"version-history":[{"count":1,"href":"https:\/\/encuentroinformativo.com.mx\/index.php?rest_route=\/wp\/v2\/posts\/21277\/revisions"}],"predecessor-version":[{"id":21279,"href":"https:\/\/encuentroinformativo.com.mx\/index.php?rest_route=\/wp\/v2\/posts\/21277\/revisions\/21279"}],"wp:featuredmedia":[{"embeddable":true,"href":"https:\/\/encuentroinformativo.com.mx\/index.php?rest_route=\/wp\/v2\/media\/21278"}],"wp:attachment":[{"href":"https:\/\/encuentroinformativo.com.mx\/index.php?rest_route=%2Fwp%2Fv2%2Fmedia&parent=21277"}],"wp:term":[{"taxonomy":"category","embeddable":true,"href":"https:\/\/encuentroinformativo.com.mx\/index.php?rest_route=%2Fwp%2Fv2%2Fcategories&post=21277"},{"taxonomy":"post_tag","embeddable":true,"href":"https:\/\/encuentroinformativo.com.mx\/index.php?rest_route=%2Fwp%2Fv2%2Ftags&post=21277"}],"curies":[{"name":"wp","href":"https:\/\/api.w.org\/{rel}","templated":true}]}}