{"id":21280,"date":"2021-12-14T16:52:58","date_gmt":"2021-12-14T22:52:58","guid":{"rendered":"https:\/\/encuentroinformativo.com.mx\/?p=21280"},"modified":"2021-12-14T16:53:01","modified_gmt":"2021-12-14T22:53:01","slug":"gestionan-apertura-de-el-tajin-segun-sectur","status":"publish","type":"post","link":"https:\/\/encuentroinformativo.com.mx\/?p=21280","title":{"rendered":"Gestionan apertura de El Taj\u00edn, seg\u00fan Sectur"},"content":{"rendered":"\n<p><strong>Dar\u00edo Pale <\/strong><\/p>\n\n\n\n<p>Xalapa, Ver.- El subsecretario de Atenci\u00f3n y Promoci\u00f3n Tur\u00edstica de la Secretar\u00eda de Turismo de Veracruz (SECTUR), Iv\u00e1n Mart\u00ednez Olvera, admiti\u00f3 que no hay una fecha para abrir, la zona arqueol\u00f3gica del Taj\u00edn,  pese a que la titular de dicha dependencia\u00a0 afirmo que ser\u00eda abierto antes de finalizar 2021.<\/p>\n\n\n\n<p>En entrevista se\u00f1al\u00f3 que a pesar de que la secretaria de Turismo, X\u00f3chitl Arbes\u00fa Lago, asegur\u00f3 que antes de que concluya este a\u00f1o la zona arqueol\u00f3gica de El Taj\u00edn ser\u00e1 abierta, el subsecretario coment\u00f3 que no hay una fecha exacta.<\/p>\n\n\n\n<p>&#8220;Estamos esperando que el INAH determine la fecha, es un tema de ellos, ellos son los que determinan una fecha exacta y el acuerdo con sus trabajadores&#8221;, se\u00f1al\u00f3.<\/p>\n\n\n\n<p>En otro orden de ideas en cuanto a la falta de servicios como energ\u00eda el\u00e9ctrica, aclar\u00f3 que no es que no haya, sino que como no est\u00e1 abierto no hay el servicio.<\/p>\n\n\n\n<p>Insisti\u00f3 que la Secretar\u00eda de Turismo no puede determinar una fecha, \u00fanicamente est\u00e1n haciendo las gestiones necesarias para que se abra.<\/p>\n\n\n\n<p>Sin embargo, debido a que ha estado cerrado se requiere de mantenimiento, de manera que una vez que se determine la fecha de su apertura se har\u00e1 el mantenimiento correspondientes, &#8220;no podr\u00eda abrir si no est\u00e1 en condiciones&#8221;.<\/p>\n\n\n\n<p>El servidor p\u00fablico recalc\u00f3 que no se puede dar una fecha exacta, todo depende del INAH, una vez que est\u00e9n enterados de \u00e9sta lo van a comunicar, porque es un \u00e1rea muy importante para Veracruz pero que est\u00e1 a cargo del Instituto.<\/p>\n\n\n\n<p>Hay que decir que este mismo d\u00eda, pero en un evento distinto, la titular de la Secretar\u00eda de Turismo y Cultura (Sectur), Xochitl Arbes\u00fa Lago, inform\u00f3 que antes de que finalice el 2021 ser\u00e1 abierta la zona arqueol\u00f3gica de El Taj\u00edn, de la misma forma que la de Zempoala.<\/p>\n\n\n\n<p>Dio a conocer que debido al impacto del hurac\u00e1n Grace, el sitio sufri\u00f3 afectaciones que deben ser reparadas\u00a0 por parte del Instituto Nacional de Antropolog\u00eda e Historia (INAH).\u00a0<br>Finalmente se\u00f1al\u00f3 que, &#8220;estas zonas tuvieron algunos percances por el tema del hurac\u00e1n, hay algunas zonas que estar\u00e1n cerradas al p\u00fablico, otras que estar\u00e1n abiertas, pero siempre con mucho respeto, cuidado y orden&#8221;.<\/p>\n","protected":false},"excerpt":{"rendered":"<p>Dar\u00edo Pale Xalapa, Ver.- El subsecretario de Atenci\u00f3n y Promoci\u00f3n Tur\u00edstica de la Secretar\u00eda de Turismo de Veracruz (SECTUR), Iv\u00e1n Mart\u00ednez Olvera, admiti\u00f3 que no hay una fecha para abrir, la zona arqueol\u00f3gica del Taj\u00edn, pese a que la titular de dicha dependencia\u00a0 afirmo que ser\u00eda abierto antes de finalizar 2021. En entrevista se\u00f1al\u00f3 que [&hellip;]<\/p>\n","protected":false},"author":1,"featured_media":20408,"comment_status":"open","ping_status":"open","sticky":false,"template":"","format":"standard","meta":{"_jetpack_memberships_contains_paid_content":false,"footnotes":""},"categories":[2],"tags":[],"class_list":["post-21280","post","type-post","status-publish","format-standard","has-post-thumbnail","hentry","category-estado"],"jetpack_featured_media_url":"https:\/\/encuentroinformativo.com.mx\/wp-content\/uploads\/2021\/11\/4209010A-3A7E-4C96-940D-4A12C153905B.jpeg","jetpack_sharing_enabled":true,"jetpack_likes_enabled":true,"amp_enabled":true,"_links":{"self":[{"href":"https:\/\/encuentroinformativo.com.mx\/index.php?rest_route=\/wp\/v2\/posts\/21280","targetHints":{"allow":["GET"]}}],"collection":[{"href":"https:\/\/encuentroinformativo.com.mx\/index.php?rest_route=\/wp\/v2\/posts"}],"about":[{"href":"https:\/\/encuentroinformativo.com.mx\/index.php?rest_route=\/wp\/v2\/types\/post"}],"author":[{"embeddable":true,"href":"https:\/\/encuentroinformativo.com.mx\/index.php?rest_route=\/wp\/v2\/users\/1"}],"replies":[{"embeddable":true,"href":"https:\/\/encuentroinformativo.com.mx\/index.php?rest_route=%2Fwp%2Fv2%2Fcomments&post=21280"}],"version-history":[{"count":1,"href":"https:\/\/encuentroinformativo.com.mx\/index.php?rest_route=\/wp\/v2\/posts\/21280\/revisions"}],"predecessor-version":[{"id":21281,"href":"https:\/\/encuentroinformativo.com.mx\/index.php?rest_route=\/wp\/v2\/posts\/21280\/revisions\/21281"}],"wp:featuredmedia":[{"embeddable":true,"href":"https:\/\/encuentroinformativo.com.mx\/index.php?rest_route=\/wp\/v2\/media\/20408"}],"wp:attachment":[{"href":"https:\/\/encuentroinformativo.com.mx\/index.php?rest_route=%2Fwp%2Fv2%2Fmedia&parent=21280"}],"wp:term":[{"taxonomy":"category","embeddable":true,"href":"https:\/\/encuentroinformativo.com.mx\/index.php?rest_route=%2Fwp%2Fv2%2Fcategories&post=21280"},{"taxonomy":"post_tag","embeddable":true,"href":"https:\/\/encuentroinformativo.com.mx\/index.php?rest_route=%2Fwp%2Fv2%2Ftags&post=21280"}],"curies":[{"name":"wp","href":"https:\/\/api.w.org\/{rel}","templated":true}]}}