{"id":21282,"date":"2021-12-15T09:05:57","date_gmt":"2021-12-15T15:05:57","guid":{"rendered":"https:\/\/encuentroinformativo.com.mx\/?p=21282"},"modified":"2021-12-15T09:06:00","modified_gmt":"2021-12-15T15:06:00","slug":"la-cuerda-de-cuic","status":"publish","type":"post","link":"https:\/\/encuentroinformativo.com.mx\/?p=21282","title":{"rendered":"La cuerda de Cuic"},"content":{"rendered":"\n<p><strong>Los Pol\u00edticos<\/strong><\/p>\n\n\n\n<p><strong>Salvador Mu\u00f1oz<\/strong><\/p>\n\n\n\n<p>Muy de esta \u00e9poca han de estar las cuerdas para las pi\u00f1atas\u2026 el \u201cDale dale dale, no pierdas el tino, ese Bola 8, panza de cochino\u201d se ha de\u2026 \u00a1perd\u00f3n! Me equivoqu\u00e9 como Cuitl\u00e1huac y sus Tierra Blanca con Cuello Blanco\u2026 les dec\u00eda que esos cantos propios de la Pi\u00f1ata no tardan en o\u00edrse a lo largo y ancho del estado.<\/p>\n\n\n\n<p>La cuerda viene a cuento porque as\u00ed fue como se oy\u00f3 la intervenci\u00f3n del grupo legislativo del PRI en voz de Arianna Angeles Aguirre cuando se plant\u00f3 ante el Gobernador para dar el posicionamiento del partidazo a lo que fue el tercer informe de Gobierno de Cuitl\u00e1huac\u2026<\/p>\n\n\n\n<p>M\u00e1s que posicionamiento, consejo, recomendaci\u00f3n, parec\u00eda una advertencia de Arianna ese \u201calgunos le mienten, le enga\u00f1an y no hacen lo que les corresponde hacer\u201d que antecedi\u00f3 el se\u00f1alar al mandatario estatal que al iniciar la segunda mitad de su Gobierno tiene fallas, pero con la oportunidad de corregir, aunque eso y s\u00f3lo eso depender\u00e1 de su visi\u00f3n de Estado, \u201cporque sus funcionarios no lo acompa\u00f1an en esta vocaci\u00f3n superior\u201d. Con esas palabras, Arianna, el PRI, le estaba dando la cuerda de su pi\u00f1ata a Cuitl\u00e1huac.<\/p>\n\n\n\n<p>S\u00f3lo para que quede como antecedente\u2026 \u00bfSe acuerdan de Javier Duarte de Ochoa?<\/p>\n\n\n\n<p>De seguro han de haber escuchado esa leyenda de que muchos de sus funcionarios se fueron lisos, cabezones, se rayaron, se sacaron la loter\u00eda al grado de no tener ya que trabajar por el resto de sus vidas as\u00ed como el de dos generaciones m\u00e1s de su descendencia\u2026 parece exagerado pero as\u00ed lo cuentan como tambi\u00e9n cuentan que Javier Duarte confi\u00f3 la cuerda de su pi\u00f1ata a muchos de sus colaboradores que por cierto, ninguno est\u00e1 o sigue en la c\u00e1rcel como \u00e9l lo est\u00e1, adem\u00e1s del riesgo latente con el que vive la se\u00f1ora Karime allende el Atl\u00e1ntico.<\/p>\n\n\n\n<p>Entre esas leyendas que se cuentan, igual se platica la del panista que ha recorrido la milla en lo que se refiere a cargos p\u00fablicos y en la administraci\u00f3n federal\u2026 su colmillo pol\u00edtico, largo y retorcido, le permite andar por la calle sin preocupaci\u00f3n alguna porque el oficio le ense\u00f1\u00f3 algo que a veces, al pol\u00edtico biso\u00f1o se le olvida en aras de querer abarcar todo sin apretar nada: delegar.<\/p>\n\n\n\n<p>En el acto de Delegar est\u00e1 el hacer responsable al colaborador, guiarlo a una cultura de \u201chacer bien las cosas\u201d o en esta era de la Transformaci\u00f3n, cumplir con la honestidad que en estos tiempos tanto se pregona. Delegar no es escurrir el bulto, lavarse las manos, evitar conflictos\u2026 Delegar es hasta cierto punto, un ejercicio de igualdad: se es igual de responsable el uno como el otro. El asunto es que en el papel desempe\u00f1ado al asumir los compromisos cedidos por el Gobernador, por el secretario, por el Jefe, s\u00f3lo habr\u00e1 un responsable: a quien se le deleg\u00f3 la gracia.<\/p>\n\n\n\n<p>A muchos queda claro a mitad del camino, que Cuitl\u00e1huac Garc\u00eda Jim\u00e9nez no es el Gobernador al que se estaba acostumbrado, y quiz\u00e1s raye en inepto, soso, mediocre, desde la percepci\u00f3n de quienes la Cuarta Transformaci\u00f3n no les hace gracia\u2026 o justicia; para otros, su imagen as\u00ed como sus intenciones se dirigen a la figura de un Buen Hombre, sin malas intenciones pero s\u00ed con malos chistes, que pretende seguir al pie de la letra las directrices que le marca tanto el partido Morena como su l\u00edder y maestro Andr\u00e9s Manuel L\u00f3pez Obrador.<\/p>\n\n\n\n<p>Quiz\u00e1s por eso muchos recuerdan hace poco en una de sus ruedas de prensa que da, esa respuesta de su af\u00e1n porque la corrupci\u00f3n no permee a su gobierno. Me permito transcribir:<\/p>\n\n\n\n<p>\u201cYo instru\u00ed una forma interna, aparte de las Contralor\u00edas, en la que tengo contacto directo con las unidades administrativas para supervisarlas, o sea, les pido cuentas de manera directa sin pasar por los titulares, es decir, primero me rinden cuentas, si hicieron algo mal, a m\u00ed\u2026\u201d<\/p>\n\n\n\n<p>Cuitl\u00e1huac, d\u00e9mosle el beneficio de la duda como la fracci\u00f3n legislativa del PRI se la dio con esa advertencia de que \u201calgunos le mienten, le enga\u00f1an y no hacen lo que les corresponde hacer\u201d, es un hombre de buena fe, pero su vinculaci\u00f3n directa, como \u00e9l mismo lo extern\u00f3 en rueda de prensa, hace que la cuerda de la pi\u00f1ata que Arianna Angeles Aguirre le dio, tenga en el futuro otra utilidad, si no es capaz de corregir el rumbo torcido, quiz\u00e1s no por \u00e9l y s\u00ed por muchos de sus mentirosos funcionarios, pues debe recordar que todav\u00eda le queda un a\u00f1o de gobierno\u2026 en el quinto nadie lo va a pelar, y en el sexto, todos estar\u00e1n con el candidato\u2026 en pocas palabras, empieza a caminar por la cuerda floja o termina ahorc\u00e1ndose con ella\u2026 mientras, ya empiezan las posadas: \u201cDale dale dale, no pierdas el tino, ese Bola 8, panza de cochino\u201d\u2026 \u00a1perd\u00f3n! Me equivoqu\u00e9 como Cuitl\u00e1huac\u2026<\/p>\n\n\n\n<p><a href=\"mailto:smcainito@gmail.com\" target=\"_blank\" rel=\"noreferrer noopener\">smcainito@gmail.com<\/a><\/p>\n","protected":false},"excerpt":{"rendered":"<p>Los Pol\u00edticos Salvador Mu\u00f1oz Muy de esta \u00e9poca han de estar las cuerdas para las pi\u00f1atas\u2026 el \u201cDale dale dale, no pierdas el tino, ese Bola 8, panza de cochino\u201d se ha de\u2026 \u00a1perd\u00f3n! Me equivoqu\u00e9 como Cuitl\u00e1huac y sus Tierra Blanca con Cuello Blanco\u2026 les dec\u00eda que esos cantos propios de la Pi\u00f1ata no [&hellip;]<\/p>\n","protected":false},"author":1,"featured_media":387,"comment_status":"open","ping_status":"open","sticky":false,"template":"","format":"standard","meta":{"_jetpack_memberships_contains_paid_content":false,"footnotes":""},"categories":[11],"tags":[],"class_list":["post-21282","post","type-post","status-publish","format-standard","has-post-thumbnail","hentry","category-opinion"],"jetpack_featured_media_url":"https:\/\/encuentroinformativo.com.mx\/wp-content\/uploads\/2020\/03\/7CF8A22B-2764-47BE-8F7F-38FE9E5D6A2F.jpeg","jetpack_sharing_enabled":true,"jetpack_likes_enabled":true,"amp_enabled":true,"_links":{"self":[{"href":"https:\/\/encuentroinformativo.com.mx\/index.php?rest_route=\/wp\/v2\/posts\/21282","targetHints":{"allow":["GET"]}}],"collection":[{"href":"https:\/\/encuentroinformativo.com.mx\/index.php?rest_route=\/wp\/v2\/posts"}],"about":[{"href":"https:\/\/encuentroinformativo.com.mx\/index.php?rest_route=\/wp\/v2\/types\/post"}],"author":[{"embeddable":true,"href":"https:\/\/encuentroinformativo.com.mx\/index.php?rest_route=\/wp\/v2\/users\/1"}],"replies":[{"embeddable":true,"href":"https:\/\/encuentroinformativo.com.mx\/index.php?rest_route=%2Fwp%2Fv2%2Fcomments&post=21282"}],"version-history":[{"count":1,"href":"https:\/\/encuentroinformativo.com.mx\/index.php?rest_route=\/wp\/v2\/posts\/21282\/revisions"}],"predecessor-version":[{"id":21283,"href":"https:\/\/encuentroinformativo.com.mx\/index.php?rest_route=\/wp\/v2\/posts\/21282\/revisions\/21283"}],"wp:featuredmedia":[{"embeddable":true,"href":"https:\/\/encuentroinformativo.com.mx\/index.php?rest_route=\/wp\/v2\/media\/387"}],"wp:attachment":[{"href":"https:\/\/encuentroinformativo.com.mx\/index.php?rest_route=%2Fwp%2Fv2%2Fmedia&parent=21282"}],"wp:term":[{"taxonomy":"category","embeddable":true,"href":"https:\/\/encuentroinformativo.com.mx\/index.php?rest_route=%2Fwp%2Fv2%2Fcategories&post=21282"},{"taxonomy":"post_tag","embeddable":true,"href":"https:\/\/encuentroinformativo.com.mx\/index.php?rest_route=%2Fwp%2Fv2%2Ftags&post=21282"}],"curies":[{"name":"wp","href":"https:\/\/api.w.org\/{rel}","templated":true}]}}