{"id":21284,"date":"2021-12-15T12:00:44","date_gmt":"2021-12-15T18:00:44","guid":{"rendered":"https:\/\/encuentroinformativo.com.mx\/?p=21284"},"modified":"2021-12-15T12:00:47","modified_gmt":"2021-12-15T18:00:47","slug":"se-va-secretaria-de-ayuntamiento-de-veracruz","status":"publish","type":"post","link":"https:\/\/encuentroinformativo.com.mx\/?p=21284","title":{"rendered":"Se va secretaria de Ayuntamiento de Veracruz"},"content":{"rendered":"\n<p><strong>Alejandro \u00c1vila<\/strong><\/p>\n\n\n\n<p>Veracruz, Ver.- Este miercoles 15 de diciembre en Sesi\u00f3n Solemne de Cabildo, fue despedida por los ediles al ahora ex secretaria del Ayuntamiento de Veracruz, Mar\u00eda Rebeca Gonz\u00e1lez Silva, su lugar ser\u00e1 ocupado por Juan Carlos Salda\u00f1a Moran.<\/p>\n\n\n\n<p>Juan Carlos Salda\u00f1a Moran, fue secretario de Protecci\u00f3n Civil en el gobierno de Miguel \u00c1ngel Yunes Linares y en agosto pasado, fue designado como Encargado del Equipo de Transici\u00f3n de la -en ese entonces- alcaldesa electa, Patricia Lobeira Rodr\u00edguez.<\/p>\n\n\n\n<p>Mar\u00eda Rebeca Gonz\u00e1lez Silva, mencion\u00f3 que su salida a escazos 15 d\u00eda de terminar la administraci\u00f3n se debe unicamente a atender proyectos personales que demandan m\u00e1s de su atenci\u00f3n.<\/p>\n\n\n\n<p>&#8220;Por proyectos laborales futuros (\u2026) tengo que ocuparme de mi otro proyecto laboral y la secretar\u00eda demanda mucho tiempo, no quisiera fallar, entonces es el momento adecuado para retirarme&#8221;, declar\u00f3.<\/p>\n\n\n\n<p>Al respecto de la denuncia que pesa en su contra, as\u00ed como de otros funcionarios municipales, por avalar la residencia (que result\u00f3 ilegal) en Veracruz del ex candidato, Miguel \u00c1ngel Yunes M\u00e1rquez, mencion\u00f3.<\/p>\n\n\n\n<p>&#8220;No todav\u00eda no (fue llamada a declarar), pero ese tema continuar\u00e1 y bueno, nos haremos responsables de lo que proceda&#8221;, apunt\u00f3.<\/p>\n\n\n\n<p>Gonz\u00e1lez Silva, aclar\u00f3 que solo se ausenta de Sesiones de Cabildo y firmas, pero continuar\u00e1 en el equipo de Transici\u00f3n de Fernando Yunes M\u00e1rquez para la entrega recepci\u00f3n.<\/p>\n\n\n\n<p>Trascendio que Mar\u00eda Rebeca Gonz\u00e1lez Silva, a partir del 1 de enero del 2022, estar\u00e1 laborando en el Ayuntamiento tede Boca del R\u00edo con el alcalde Juan Manuel Unanue Abascal, como coordinadora de directores municipales; es decir, Jefa de Gabinete.<\/p>\n","protected":false},"excerpt":{"rendered":"<p>Alejandro \u00c1vila Veracruz, Ver.- Este miercoles 15 de diciembre en Sesi\u00f3n Solemne de Cabildo, fue despedida por los ediles al ahora ex secretaria del Ayuntamiento de Veracruz, Mar\u00eda Rebeca Gonz\u00e1lez Silva, su lugar ser\u00e1 ocupado por Juan Carlos Salda\u00f1a Moran. Juan Carlos Salda\u00f1a Moran, fue secretario de Protecci\u00f3n Civil en el gobierno de Miguel \u00c1ngel [&hellip;]<\/p>\n","protected":false},"author":1,"featured_media":21285,"comment_status":"open","ping_status":"open","sticky":false,"template":"","format":"standard","meta":{"_jetpack_memberships_contains_paid_content":false,"footnotes":""},"categories":[2],"tags":[],"class_list":["post-21284","post","type-post","status-publish","format-standard","has-post-thumbnail","hentry","category-estado"],"jetpack_featured_media_url":"https:\/\/encuentroinformativo.com.mx\/wp-content\/uploads\/2021\/12\/01B2E8D0-8929-4CE7-826A-2EA5E0E3E4E2.jpeg","jetpack_sharing_enabled":true,"jetpack_likes_enabled":true,"amp_enabled":true,"_links":{"self":[{"href":"https:\/\/encuentroinformativo.com.mx\/index.php?rest_route=\/wp\/v2\/posts\/21284","targetHints":{"allow":["GET"]}}],"collection":[{"href":"https:\/\/encuentroinformativo.com.mx\/index.php?rest_route=\/wp\/v2\/posts"}],"about":[{"href":"https:\/\/encuentroinformativo.com.mx\/index.php?rest_route=\/wp\/v2\/types\/post"}],"author":[{"embeddable":true,"href":"https:\/\/encuentroinformativo.com.mx\/index.php?rest_route=\/wp\/v2\/users\/1"}],"replies":[{"embeddable":true,"href":"https:\/\/encuentroinformativo.com.mx\/index.php?rest_route=%2Fwp%2Fv2%2Fcomments&post=21284"}],"version-history":[{"count":1,"href":"https:\/\/encuentroinformativo.com.mx\/index.php?rest_route=\/wp\/v2\/posts\/21284\/revisions"}],"predecessor-version":[{"id":21286,"href":"https:\/\/encuentroinformativo.com.mx\/index.php?rest_route=\/wp\/v2\/posts\/21284\/revisions\/21286"}],"wp:featuredmedia":[{"embeddable":true,"href":"https:\/\/encuentroinformativo.com.mx\/index.php?rest_route=\/wp\/v2\/media\/21285"}],"wp:attachment":[{"href":"https:\/\/encuentroinformativo.com.mx\/index.php?rest_route=%2Fwp%2Fv2%2Fmedia&parent=21284"}],"wp:term":[{"taxonomy":"category","embeddable":true,"href":"https:\/\/encuentroinformativo.com.mx\/index.php?rest_route=%2Fwp%2Fv2%2Fcategories&post=21284"},{"taxonomy":"post_tag","embeddable":true,"href":"https:\/\/encuentroinformativo.com.mx\/index.php?rest_route=%2Fwp%2Fv2%2Ftags&post=21284"}],"curies":[{"name":"wp","href":"https:\/\/api.w.org\/{rel}","templated":true}]}}