{"id":21287,"date":"2021-12-15T12:59:33","date_gmt":"2021-12-15T18:59:33","guid":{"rendered":"https:\/\/encuentroinformativo.com.mx\/?p=21287"},"modified":"2021-12-15T12:59:37","modified_gmt":"2021-12-15T18:59:37","slug":"hoteleros-reportan-reservaciones-para-fin-de-ano","status":"publish","type":"post","link":"https:\/\/encuentroinformativo.com.mx\/?p=21287","title":{"rendered":"Hoteleros reportan reservaciones para fin de a\u00f1o"},"content":{"rendered":"\n<p><strong>Alejandro \u00c1vila<\/strong> <\/p>\n\n\n\n<p>Veracruz, Ver.- Para el cierre de a\u00f1o, s\u00ed hay reservaciones hoteleras en Veracruz y Boca del R\u00edo, se\u00f1al\u00f3 el presidente del Consejo Metropolitano de Turismo, Sergio Lois Heredia, quien afirm\u00f3, incluso van a la alza y podr\u00eda llegar a ser la \u00e9poca m\u00e1s importante del 2021.<\/p>\n\n\n\n<p>El empresario reconoci\u00f3 que agosto y septiembre fueron meses muy malo, pero a partir de octubre la venta ha incrementado.<\/p>\n\n\n\n<p>&#8220;El \u00faltimo trimestre del a\u00f1o ha estado en franca recuperaci\u00f3n y todo \u00edndica que diciembre, pues va a ser un mes o est\u00e1 siendo un mes que esta recuperaci\u00f3n se acabar\u00e1 de consolidar para la segunda mitad del mes, no hemos visto cancelaciones por ejemplo, no hemos visto que haya un desaceleramiento en el ritmo de las reservaciones, sobre todo como les comento, para la segunda mitad de lo que es el mes de diciembre, y pues bueno, esperemos que continuemos as\u00ed&#8221;, subray\u00f3.<\/p>\n\n\n\n<p>Lois Heredia, agreg\u00f3 que se espera incluso en la primera semana de enero tambi\u00e9n se tenga una afluencia importante y positiva de turistas.<\/p>\n\n\n\n<p>La expectativa es que durante el primer semestre del 2022 todo se consolide y as\u00ed olvidar dos a\u00f1os de malos n\u00fameros.<\/p>\n\n\n\n<p>En este momento, puntualiz\u00f3 que la ocupaci\u00f3n hotelera est\u00e1 en un 60 por ciento; pero seg\u00fan lo previsto, durante la \u00faltima semana del a\u00f1o, algunos podr\u00edan generar un lleno en sus inmuebles.<\/p>\n\n\n\n<p>&#8220;S\u00ed claro, ser\u00eda una de las temporadas m\u00e1s importantes. Este a\u00f1o, lo que fue la Semana Santa se comport\u00f3 interesante, Verano estuvo muy malo, la verdad es que el mes de julio se volvio a empezar a caer la venta, y se estanc\u00f3 la venta como comentabamos ahora en agosto y septiembre; entonces esta muy probablemente se podr\u00eda convertir en la segunda o quiz\u00e1s en la temporada m\u00e1s importante de este a\u00f1o 2021&#8221;, remat\u00f3.<\/p>\n","protected":false},"excerpt":{"rendered":"<p>Alejandro \u00c1vila Veracruz, Ver.- Para el cierre de a\u00f1o, s\u00ed hay reservaciones hoteleras en Veracruz y Boca del R\u00edo, se\u00f1al\u00f3 el presidente del Consejo Metropolitano de Turismo, Sergio Lois Heredia, quien afirm\u00f3, incluso van a la alza y podr\u00eda llegar a ser la \u00e9poca m\u00e1s importante del 2021. El empresario reconoci\u00f3 que agosto y septiembre [&hellip;]<\/p>\n","protected":false},"author":1,"featured_media":21288,"comment_status":"open","ping_status":"open","sticky":false,"template":"","format":"standard","meta":{"_jetpack_memberships_contains_paid_content":false,"footnotes":""},"categories":[2],"tags":[],"class_list":["post-21287","post","type-post","status-publish","format-standard","has-post-thumbnail","hentry","category-estado"],"jetpack_featured_media_url":"https:\/\/encuentroinformativo.com.mx\/wp-content\/uploads\/2021\/12\/19462810-0192-4416-97F5-E4A9EF128A3D.jpeg","jetpack_sharing_enabled":true,"jetpack_likes_enabled":true,"amp_enabled":true,"_links":{"self":[{"href":"https:\/\/encuentroinformativo.com.mx\/index.php?rest_route=\/wp\/v2\/posts\/21287","targetHints":{"allow":["GET"]}}],"collection":[{"href":"https:\/\/encuentroinformativo.com.mx\/index.php?rest_route=\/wp\/v2\/posts"}],"about":[{"href":"https:\/\/encuentroinformativo.com.mx\/index.php?rest_route=\/wp\/v2\/types\/post"}],"author":[{"embeddable":true,"href":"https:\/\/encuentroinformativo.com.mx\/index.php?rest_route=\/wp\/v2\/users\/1"}],"replies":[{"embeddable":true,"href":"https:\/\/encuentroinformativo.com.mx\/index.php?rest_route=%2Fwp%2Fv2%2Fcomments&post=21287"}],"version-history":[{"count":1,"href":"https:\/\/encuentroinformativo.com.mx\/index.php?rest_route=\/wp\/v2\/posts\/21287\/revisions"}],"predecessor-version":[{"id":21289,"href":"https:\/\/encuentroinformativo.com.mx\/index.php?rest_route=\/wp\/v2\/posts\/21287\/revisions\/21289"}],"wp:featuredmedia":[{"embeddable":true,"href":"https:\/\/encuentroinformativo.com.mx\/index.php?rest_route=\/wp\/v2\/media\/21288"}],"wp:attachment":[{"href":"https:\/\/encuentroinformativo.com.mx\/index.php?rest_route=%2Fwp%2Fv2%2Fmedia&parent=21287"}],"wp:term":[{"taxonomy":"category","embeddable":true,"href":"https:\/\/encuentroinformativo.com.mx\/index.php?rest_route=%2Fwp%2Fv2%2Fcategories&post=21287"},{"taxonomy":"post_tag","embeddable":true,"href":"https:\/\/encuentroinformativo.com.mx\/index.php?rest_route=%2Fwp%2Fv2%2Ftags&post=21287"}],"curies":[{"name":"wp","href":"https:\/\/api.w.org\/{rel}","templated":true}]}}