{"id":21293,"date":"2021-12-15T13:25:53","date_gmt":"2021-12-15T19:25:53","guid":{"rendered":"https:\/\/encuentroinformativo.com.mx\/?p=21293"},"modified":"2021-12-15T13:25:57","modified_gmt":"2021-12-15T19:25:57","slug":"van-mas-de-200-cuerpos-en-fosas-clandestinas-de-panteones-senalan-activistas","status":"publish","type":"post","link":"https:\/\/encuentroinformativo.com.mx\/?p=21293","title":{"rendered":"Van m\u00e1s de 200 cuerpos en fosas clandestinas de panteones, se\u00f1alan activistas"},"content":{"rendered":"\n<p><strong>Juan Arcos<\/strong><\/p>\n\n\n\n<p>Xalapa, Ver.- Un total de 235 cuerpos se encuentran en fosas clandestinas detectadas al interior de panteones municipales en el estado de Veracruz.\u00a0<\/p>\n\n\n\n<p>As\u00ed lo revel\u00f3 Carlos Salda\u00f1a Grajales, integrante del colectivo Familiares Enlaces Xalapa, quien a\u00f1adi\u00f3 que en el pante\u00f3n Palo Verde de Xalapa hay 185 cuerpos en esas condiciones.<\/p>\n\n\n\n<p>Tambi\u00e9n tiene conocimiento de 29 cuerpos en el pante\u00f3n de la localidad El Chico, otros en la comunidad Estanzuela, municipio de Emiliano Zapata, as\u00ed como tambi\u00e9n, seis en el cementerio de Coatepec, 15 en Cosautl\u00e1n de Carvajal y m\u00e1s casos en otros puntos de la entidad.<\/p>\n\n\n\n<p>\u201cTambi\u00e9n en esos panteones se hicieron inhumaciones clandestinas. Esa desidia por parte de la Fiscal\u00eda, ya se lo hicimos saber tambi\u00e9n a la fiscal general Ver\u00f3nica Hern\u00e1ndez Giad\u00e1ns, que vemos voluntad pol\u00edtica en ella, desafortunadamente la gente que trabaja con ella tiene compromisos pol\u00edticos\u201d, enfatiz\u00f3.<\/p>\n\n\n\n<p>El activista se\u00f1al\u00f3 que algunos empleados de la Fiscal\u00eda General del Estado (FGEh han sido omisos en las investigaciones y dicha situaci\u00f3n tambi\u00e9n ha entorpecido las exhumaciones.<\/p>\n\n\n\n<p>A su juicio, hay exagentes del Ministerio P\u00fablico que regresaron a laborar durante esta administraci\u00f3n estatal y que hab\u00edan sido cesados por negligencia o complicidad con grupos delictivos.<\/p>\n\n\n\n<p>\u201cEs una cadena, desde el momento en que se encontraba un cuerpo, los polic\u00edas lo reportaban, llegaba Periciales y hac\u00edan su parte de negligencia o complicidad, obviamente las inhumaciones que hac\u00edan eran de mala calidad, porque hemos tenido acceso a expedientes y no existe una cantidad de fotos suficientes y de calidad en el momento de levantar un cuerpo. Tampoco hay ADN de cada uno de los cuerpos\u201d.<\/p>\n\n\n\n<p>Salda\u00f1a Grajales indic\u00f3 que los 19 cuerpos por los cuales ha sido imputado el exgobernador Javier Duarte de Ochoa, por su presunta responsabilidad en el delito de desaparici\u00f3n forzada, pudieron haber sido inhumados en el pante\u00f3n de El Chico.<\/p>\n\n\n\n<p>\u201cEn enero desaparecen esos 19 cuerpos de la barranca La Aurora, lo que le imputan a Duarte, el 23 de marzo se hace una inhumaci\u00f3n en el pante\u00f3n de El Chico con 19 cuerpos, le dije a la fiscal que hab\u00eda que sacarlos. Revis\u00e9 13 carpetas de las 29 y solamente en una de las 13 hab\u00eda resultado de ADN, ahora me responde el director de Periciales que todos esos cuerpos tienen sus protocolo de identidad, pero sabemos que no es as\u00ed porque tuvimos acceso a las carpetas\u201d, refiri\u00f3.<\/p>\n\n\n\n<p>\u00c9l busca a sus hijos Karla Nallely Salda\u00f1a Grajales y Jes\u00fas Alberto Estrada Mart\u00ednez, quienes desaparecieron el 29 de noviembre de 2011, en la zona de antros de Xalapa, cuando Javier Duarte era gobernador y Arturo Berm\u00fadez Zurita estaba al frente de la Secretar\u00eda de Seguridad P\u00fablica (SSP).<\/p>\n","protected":false},"excerpt":{"rendered":"<p>Juan Arcos Xalapa, Ver.- Un total de 235 cuerpos se encuentran en fosas clandestinas detectadas al interior de panteones municipales en el estado de Veracruz.\u00a0 As\u00ed lo revel\u00f3 Carlos Salda\u00f1a Grajales, integrante del colectivo Familiares Enlaces Xalapa, quien a\u00f1adi\u00f3 que en el pante\u00f3n Palo Verde de Xalapa hay 185 cuerpos en esas condiciones. Tambi\u00e9n tiene [&hellip;]<\/p>\n","protected":false},"author":1,"featured_media":21294,"comment_status":"open","ping_status":"open","sticky":false,"template":"","format":"standard","meta":{"_jetpack_memberships_contains_paid_content":false,"footnotes":""},"categories":[2],"tags":[],"class_list":["post-21293","post","type-post","status-publish","format-standard","has-post-thumbnail","hentry","category-estado"],"jetpack_featured_media_url":"https:\/\/encuentroinformativo.com.mx\/wp-content\/uploads\/2021\/12\/6D98DF61-6AB6-49FC-9D84-865E22990DD1.jpeg","jetpack_sharing_enabled":true,"jetpack_likes_enabled":true,"amp_enabled":true,"_links":{"self":[{"href":"https:\/\/encuentroinformativo.com.mx\/index.php?rest_route=\/wp\/v2\/posts\/21293","targetHints":{"allow":["GET"]}}],"collection":[{"href":"https:\/\/encuentroinformativo.com.mx\/index.php?rest_route=\/wp\/v2\/posts"}],"about":[{"href":"https:\/\/encuentroinformativo.com.mx\/index.php?rest_route=\/wp\/v2\/types\/post"}],"author":[{"embeddable":true,"href":"https:\/\/encuentroinformativo.com.mx\/index.php?rest_route=\/wp\/v2\/users\/1"}],"replies":[{"embeddable":true,"href":"https:\/\/encuentroinformativo.com.mx\/index.php?rest_route=%2Fwp%2Fv2%2Fcomments&post=21293"}],"version-history":[{"count":1,"href":"https:\/\/encuentroinformativo.com.mx\/index.php?rest_route=\/wp\/v2\/posts\/21293\/revisions"}],"predecessor-version":[{"id":21295,"href":"https:\/\/encuentroinformativo.com.mx\/index.php?rest_route=\/wp\/v2\/posts\/21293\/revisions\/21295"}],"wp:featuredmedia":[{"embeddable":true,"href":"https:\/\/encuentroinformativo.com.mx\/index.php?rest_route=\/wp\/v2\/media\/21294"}],"wp:attachment":[{"href":"https:\/\/encuentroinformativo.com.mx\/index.php?rest_route=%2Fwp%2Fv2%2Fmedia&parent=21293"}],"wp:term":[{"taxonomy":"category","embeddable":true,"href":"https:\/\/encuentroinformativo.com.mx\/index.php?rest_route=%2Fwp%2Fv2%2Fcategories&post=21293"},{"taxonomy":"post_tag","embeddable":true,"href":"https:\/\/encuentroinformativo.com.mx\/index.php?rest_route=%2Fwp%2Fv2%2Ftags&post=21293"}],"curies":[{"name":"wp","href":"https:\/\/api.w.org\/{rel}","templated":true}]}}