{"id":21296,"date":"2021-12-15T14:09:00","date_gmt":"2021-12-15T20:09:00","guid":{"rendered":"https:\/\/encuentroinformativo.com.mx\/?p=21296"},"modified":"2021-12-15T14:09:03","modified_gmt":"2021-12-15T20:09:03","slug":"veracruz-puerto-la-joya-de-la-corona-esteban-ramirez","status":"publish","type":"post","link":"https:\/\/encuentroinformativo.com.mx\/?p=21296","title":{"rendered":"Veracruz puerto, la joya de la corona: Esteban Ram\u00edrez"},"content":{"rendered":"\n<p><strong>Dar\u00edo Pale<\/strong><\/p>\n\n\n\n<p>Xalapa, Ver.- El delegado estatal de Morena con funciones de presidente Esteban Ram\u00edrez Zepeta, dio a conocer que el triunfo de la elecci\u00f3n del municipio de Veracruz ser\u00eda \u201cla joya de la corona\u201d de la 4T.<\/p>\n\n\n\n<p>Entrevistado en conocido hotel de la calle de Zaragoza coment\u00f3 que, \u201ccomo para ellos era la joya de la corona Xalapa, para nosotros la joya de la corona es Veracruz\u201d.<\/p>\n\n\n\n<p>Luego de que la Sala Regional Xalapa del Tribunal Electoral del Poder Judicial de la Federaci\u00f3n determin\u00f3 que el Instituto Nacional Electoral no fiscaliz\u00f3 como gastos de campa\u00f1a de la coalici\u00f3n &#8220;Veracruz Va&#8221;, encabezada por Patricia Lobeira, el m\u00edtin y marcha realizada el pasado 23 de agosto, es m\u00e1s viable que la elecci\u00f3n municipal del puerto de Veracruz sea anulada, Ram\u00edrez Zepeta se dijo confiado en la determinaci\u00f3n de los tribunales.<\/p>\n\n\n\n<p>\u201cEl INE no contabiliza la marcha que hicieron, tanto la candidata como el esposo, como una cuesti\u00f3n proselitista, entonces el Tribunal decide regres\u00e1rselo al INE para que contabilice las acciones que est\u00e1n ah\u00ed, lo que se llev\u00f3 a cabo en ese momento, pues s\u00ed era una cuesti\u00f3n proselitista, hab\u00eda banderas del PAN, hab\u00eda lonas del PAN, m\u00e1scaras; entonces pues claramente se tiene que contabilizar\u201d, coment\u00f3.<\/p>\n\n\n\n<p>Tambi\u00e9n afirm\u00f3 que tienen la confianza en que esto se resuelva antes del 31 de diciembre para que se pueda nombrar al Concejo Municipal, mismo que deber\u00e1 ser nombrado por el Congreso Local.<\/p>\n\n\n\n<p>A\u00f1adi\u00f3 que buscan que sea Ricardo Exsome el candidato de Morena para esa elecci\u00f3n, en caso de que se vayan a extraordinarias, sin embargo, es la comisi\u00f3n nacional de elecciones quien nombrar\u00e1 al candidato.<\/p>\n\n\n\n<p>\u201cSe tiene que resolver antes del 31 de diciembre porque el primero de enero tiene que iniciar el Consejo Municipal las tareas del Ayuntamiento, tenemos confianza de que as\u00ed sea. Como movimiento, tenemos confianza en Ricardo Exsome, \u00a0creemos que puede ser nuevamente el candidato, eso no lo decimos nosotros, lo decide la Comisi\u00f3n Nacional de Elecciones, pero como compa\u00f1ero, puedo opinar que nos gustar\u00eda mucho que fuera candidato nuevamente\u201d, se\u00f1al\u00f3.<\/p>\n\n\n\n<p>Finalmente sobre las posibles omisiones por parte del INE, mismas que quedaron en evidencia con esta decisi\u00f3n de la Sala, coment\u00f3 que por ello es que a nivel federal se busca hacer la reforma electoral, para ir por el Instituto Nacional Electoral.<\/p>\n","protected":false},"excerpt":{"rendered":"<p>Dar\u00edo Pale Xalapa, Ver.- El delegado estatal de Morena con funciones de presidente Esteban Ram\u00edrez Zepeta, dio a conocer que el triunfo de la elecci\u00f3n del municipio de Veracruz ser\u00eda \u201cla joya de la corona\u201d de la 4T. Entrevistado en conocido hotel de la calle de Zaragoza coment\u00f3 que, \u201ccomo para ellos era la joya [&hellip;]<\/p>\n","protected":false},"author":1,"featured_media":21297,"comment_status":"open","ping_status":"open","sticky":false,"template":"","format":"standard","meta":{"_jetpack_memberships_contains_paid_content":false,"footnotes":""},"categories":[2],"tags":[],"class_list":["post-21296","post","type-post","status-publish","format-standard","has-post-thumbnail","hentry","category-estado"],"jetpack_featured_media_url":"https:\/\/encuentroinformativo.com.mx\/wp-content\/uploads\/2021\/12\/12C20860-720D-4BD9-9473-0CCE1513DA0E.jpeg","jetpack_sharing_enabled":true,"jetpack_likes_enabled":true,"amp_enabled":true,"_links":{"self":[{"href":"https:\/\/encuentroinformativo.com.mx\/index.php?rest_route=\/wp\/v2\/posts\/21296","targetHints":{"allow":["GET"]}}],"collection":[{"href":"https:\/\/encuentroinformativo.com.mx\/index.php?rest_route=\/wp\/v2\/posts"}],"about":[{"href":"https:\/\/encuentroinformativo.com.mx\/index.php?rest_route=\/wp\/v2\/types\/post"}],"author":[{"embeddable":true,"href":"https:\/\/encuentroinformativo.com.mx\/index.php?rest_route=\/wp\/v2\/users\/1"}],"replies":[{"embeddable":true,"href":"https:\/\/encuentroinformativo.com.mx\/index.php?rest_route=%2Fwp%2Fv2%2Fcomments&post=21296"}],"version-history":[{"count":1,"href":"https:\/\/encuentroinformativo.com.mx\/index.php?rest_route=\/wp\/v2\/posts\/21296\/revisions"}],"predecessor-version":[{"id":21298,"href":"https:\/\/encuentroinformativo.com.mx\/index.php?rest_route=\/wp\/v2\/posts\/21296\/revisions\/21298"}],"wp:featuredmedia":[{"embeddable":true,"href":"https:\/\/encuentroinformativo.com.mx\/index.php?rest_route=\/wp\/v2\/media\/21297"}],"wp:attachment":[{"href":"https:\/\/encuentroinformativo.com.mx\/index.php?rest_route=%2Fwp%2Fv2%2Fmedia&parent=21296"}],"wp:term":[{"taxonomy":"category","embeddable":true,"href":"https:\/\/encuentroinformativo.com.mx\/index.php?rest_route=%2Fwp%2Fv2%2Fcategories&post=21296"},{"taxonomy":"post_tag","embeddable":true,"href":"https:\/\/encuentroinformativo.com.mx\/index.php?rest_route=%2Fwp%2Fv2%2Ftags&post=21296"}],"curies":[{"name":"wp","href":"https:\/\/api.w.org\/{rel}","templated":true}]}}