{"id":21299,"date":"2021-12-15T14:16:59","date_gmt":"2021-12-15T20:16:59","guid":{"rendered":"https:\/\/encuentroinformativo.com.mx\/?p=21299"},"modified":"2021-12-15T14:17:04","modified_gmt":"2021-12-15T20:17:04","slug":"nada-que-celebrar-en-navidad-afirman-colectivos","status":"publish","type":"post","link":"https:\/\/encuentroinformativo.com.mx\/?p=21299","title":{"rendered":"Nada que celebrar en Navidad, afirman Colectivos"},"content":{"rendered":"\n<p><strong>Juan Arcos<\/strong><\/p>\n\n\n\n<p>Xalapa, Ver.- Integrantes de colectivos de familiares de desaparecidos denunciaron que en esta navidad no tienen nada qu\u00e9 festejar, pues contin\u00faan en la b\u00fasqueda para la localizaci\u00f3n de sus seres queridos.<\/p>\n\n\n\n<p>Esta ma\u00f1ana colocaron una exposici\u00f3n fotogr\u00e1fica en bajos de Palacio de Gobierno con los rostros de personas desaparecidas.<\/p>\n\n\n\n<p>De acuerdo con Victoria Delgadillo Romero, integrante del colectivo Familiares Enlaces Xalapa, las fiestas decembrinas solo representan el termino de un a\u00f1o m\u00e1s en b\u00fasqueda de sus familiares.<\/p>\n\n\n\n<p>\u201cNo tenemos una navidad, no tenemos qu\u00e9 celebrar nosotros; sin embargo, estamos aqu\u00ed y aqu\u00ed vamos a estar, esa es la navidad que las familias llevamos\u201d.<\/p>\n\n\n\n<p>Victoria busca a su hija Yunery Citlally Hern\u00e1ndez Delgadillo, quien ten\u00eda 26 a\u00f1os cuando y desapareci\u00f3 en noviembre de 2011, junto con otras j\u00f3venes que hab\u00edan sido invitadas a un evento.<\/p>\n\n\n\n<p>La activista indic\u00f3 que las fotos permiten dar a conocer a la poblaci\u00f3n que a\u00fan no han encontrado a sus familiares.<\/p>\n\n\n\n<p>\u201cCon las fotos queremos hacer visibles a nuestros familiares, dar a conocer a los medios de comunicaci\u00f3n que los seguimos buscando\u201d, afirm\u00f3 .<\/p>\n\n\n\n<p>Los colectivos La Esperanza del Reencuentro y Familiares Enlaces Xalapa inauguraron la \u201cJornada una navidad m\u00e1s en su b\u00fasqueda\u201d, cuya exposici\u00f3n fotogr\u00e1fica permanecer\u00e1 en Bajos de Palacio de Gobierno durante el mi\u00e9rcoles y jueves.<\/p>\n\n\n\n<p>Adem\u00e1s, el pr\u00f3ximo viernes a las 11:00 horas colocar\u00e1n esferas con los rostros de los desaparecidos en el \u00e1rbol de navidad del parque Benito Ju\u00e1rez.<\/p>\n","protected":false},"excerpt":{"rendered":"<p>Juan Arcos Xalapa, Ver.- Integrantes de colectivos de familiares de desaparecidos denunciaron que en esta navidad no tienen nada qu\u00e9 festejar, pues contin\u00faan en la b\u00fasqueda para la localizaci\u00f3n de sus seres queridos. Esta ma\u00f1ana colocaron una exposici\u00f3n fotogr\u00e1fica en bajos de Palacio de Gobierno con los rostros de personas desaparecidas. De acuerdo con Victoria [&hellip;]<\/p>\n","protected":false},"author":1,"featured_media":21300,"comment_status":"open","ping_status":"open","sticky":false,"template":"","format":"standard","meta":{"_jetpack_memberships_contains_paid_content":false,"footnotes":""},"categories":[3],"tags":[],"class_list":["post-21299","post","type-post","status-publish","format-standard","has-post-thumbnail","hentry","category-xalapa"],"jetpack_featured_media_url":"https:\/\/encuentroinformativo.com.mx\/wp-content\/uploads\/2021\/12\/63897223-F03D-4D46-BD5F-6E6D6C4687C3.jpeg","jetpack_sharing_enabled":true,"jetpack_likes_enabled":true,"amp_enabled":true,"_links":{"self":[{"href":"https:\/\/encuentroinformativo.com.mx\/index.php?rest_route=\/wp\/v2\/posts\/21299","targetHints":{"allow":["GET"]}}],"collection":[{"href":"https:\/\/encuentroinformativo.com.mx\/index.php?rest_route=\/wp\/v2\/posts"}],"about":[{"href":"https:\/\/encuentroinformativo.com.mx\/index.php?rest_route=\/wp\/v2\/types\/post"}],"author":[{"embeddable":true,"href":"https:\/\/encuentroinformativo.com.mx\/index.php?rest_route=\/wp\/v2\/users\/1"}],"replies":[{"embeddable":true,"href":"https:\/\/encuentroinformativo.com.mx\/index.php?rest_route=%2Fwp%2Fv2%2Fcomments&post=21299"}],"version-history":[{"count":1,"href":"https:\/\/encuentroinformativo.com.mx\/index.php?rest_route=\/wp\/v2\/posts\/21299\/revisions"}],"predecessor-version":[{"id":21301,"href":"https:\/\/encuentroinformativo.com.mx\/index.php?rest_route=\/wp\/v2\/posts\/21299\/revisions\/21301"}],"wp:featuredmedia":[{"embeddable":true,"href":"https:\/\/encuentroinformativo.com.mx\/index.php?rest_route=\/wp\/v2\/media\/21300"}],"wp:attachment":[{"href":"https:\/\/encuentroinformativo.com.mx\/index.php?rest_route=%2Fwp%2Fv2%2Fmedia&parent=21299"}],"wp:term":[{"taxonomy":"category","embeddable":true,"href":"https:\/\/encuentroinformativo.com.mx\/index.php?rest_route=%2Fwp%2Fv2%2Fcategories&post=21299"},{"taxonomy":"post_tag","embeddable":true,"href":"https:\/\/encuentroinformativo.com.mx\/index.php?rest_route=%2Fwp%2Fv2%2Ftags&post=21299"}],"curies":[{"name":"wp","href":"https:\/\/api.w.org\/{rel}","templated":true}]}}