{"id":213,"date":"2020-02-28T12:33:37","date_gmt":"2020-02-28T18:33:37","guid":{"rendered":"https:\/\/encuentroinformativodotcomdotmx.wordpress.com\/2020\/02\/28\/realizaran-caravana-por-la-familia-en-xalapa\/"},"modified":"2020-02-28T12:33:37","modified_gmt":"2020-02-28T18:33:37","slug":"realizaran-caravana-por-la-familia-en-xalapa","status":"publish","type":"post","link":"https:\/\/encuentroinformativo.com.mx\/?p=213","title":{"rendered":"Realizar\u00e1n Caravana por la familia en Xalapa"},"content":{"rendered":"\n<figure class=\"wp-block-image size-large\"><img loading=\"lazy\" decoding=\"async\" width=\"946\" height=\"677\" src=\"https:\/\/encuentroinformativo.com.mx\/wp-content\/uploads\/2020\/02\/ezy-watermark_28-02-2020_12-28-38p.m.-1.jpg?w=946\" alt=\"\" class=\"wp-image-212\" srcset=\"https:\/\/encuentroinformativo.com.mx\/wp-content\/uploads\/2020\/02\/ezy-watermark_28-02-2020_12-28-38p.m.-1.jpg 946w, https:\/\/encuentroinformativo.com.mx\/wp-content\/uploads\/2020\/02\/ezy-watermark_28-02-2020_12-28-38p.m.-1-300x215.jpg 300w, https:\/\/encuentroinformativo.com.mx\/wp-content\/uploads\/2020\/02\/ezy-watermark_28-02-2020_12-28-38p.m.-1-768x550.jpg 768w\" sizes=\"auto, (max-width: 946px) 100vw, 946px\" \/><\/figure>\n\n\n\n<p><strong>Dar\u00edo Pale <\/strong><\/p>\n\n\n\n<p>Xalapa, Ver.- Ignacio Guadarrama Ram\u00edrez presidente del Frente Nacional por la Familia (FNF), dio a conocer que no aceptan que haya violencia en contra de las mujeres ya que es un ser \u00fanico que debe de respetarse.<\/p>\n\n\n\n<p>En conferencia de prensa realizada en conocido caf\u00e9 del centro de Xalapa se\u00f1al\u00f3 que \u201cnosotros estamos a favor de la mujer obviamente estamos en contra de los feminicidios, no aceptamos que haya violencia contra la mujer porque la mujer es un ser \u00fanico irrepetible y es en igual dignidad con el hombre\u201d.<\/p>\n\n\n\n<p>Dio a conocer que en otra conferencia de prensa dar\u00e1 a conocer el posicionamiento oficial del Frente Nacional por la Familia y de las 14 asociaciones que tienen adheridas, sobre lo que acontecer\u00e1 el pr\u00f3ximo 9 de marzo.<\/p>\n\n\n\n<p>Apoyan la defensa de la mujer y la no violencia, no apoyan a quienes se denominan \u201ctrapo verde\u201d, ya que las mujer es feministas est\u00e1n motivadas a que van a marchar pero reciben un financiamiento ya que est\u00e1n tratando de lograr aprobar el aborto a lo cual ellos no se sumar\u00e1n ya que no est\u00e1n de acuerdo ya que ellos defienden la vida.<\/p>\n\n\n\n<p>Dio a conocer que ellos defienden la vida desde la concepci\u00f3n hasta el t\u00e9rmino natural, por lo que hacen un exhorto a todos los padres de familia para que no aborte y que defiendan la vida.<\/p>\n\n\n\n<p>Finalmente reiteraron la invitaci\u00f3n a la ciudadan\u00eda a participar en la Caravana por la Familia que se llevar\u00e1 a cabo el pr\u00f3ximo domingo primero de marzo la cual saldr\u00e1 del teatro del estado a las 10:00 horas y concluir\u00e1 en la Plaza Lerdo.<\/p>\n\n\n\n<p><\/p>\n","protected":false},"excerpt":{"rendered":"<p>Dar\u00edo Pale Xalapa, Ver.- Ignacio Guadarrama Ram\u00edrez presidente del Frente Nacional por la Familia (FNF), dio a conocer que no aceptan que haya violencia en contra de las mujeres ya que es un ser \u00fanico que debe de respetarse. En conferencia de prensa realizada en conocido caf\u00e9 del centro de Xalapa se\u00f1al\u00f3 que \u201cnosotros estamos [&hellip;]<\/p>\n","protected":false},"author":1,"featured_media":211,"comment_status":"open","ping_status":"open","sticky":false,"template":"","format":"standard","meta":{"_jetpack_memberships_contains_paid_content":false,"footnotes":""},"categories":[3],"tags":[],"class_list":["post-213","post","type-post","status-publish","format-standard","has-post-thumbnail","hentry","category-xalapa"],"jetpack_featured_media_url":"https:\/\/encuentroinformativo.com.mx\/wp-content\/uploads\/2020\/02\/ezy-watermark_28-02-2020_12-28-38p.m..jpg","jetpack_sharing_enabled":true,"jetpack_likes_enabled":true,"amp_enabled":true,"_links":{"self":[{"href":"https:\/\/encuentroinformativo.com.mx\/index.php?rest_route=\/wp\/v2\/posts\/213","targetHints":{"allow":["GET"]}}],"collection":[{"href":"https:\/\/encuentroinformativo.com.mx\/index.php?rest_route=\/wp\/v2\/posts"}],"about":[{"href":"https:\/\/encuentroinformativo.com.mx\/index.php?rest_route=\/wp\/v2\/types\/post"}],"author":[{"embeddable":true,"href":"https:\/\/encuentroinformativo.com.mx\/index.php?rest_route=\/wp\/v2\/users\/1"}],"replies":[{"embeddable":true,"href":"https:\/\/encuentroinformativo.com.mx\/index.php?rest_route=%2Fwp%2Fv2%2Fcomments&post=213"}],"version-history":[{"count":0,"href":"https:\/\/encuentroinformativo.com.mx\/index.php?rest_route=\/wp\/v2\/posts\/213\/revisions"}],"wp:featuredmedia":[{"embeddable":true,"href":"https:\/\/encuentroinformativo.com.mx\/index.php?rest_route=\/wp\/v2\/media\/211"}],"wp:attachment":[{"href":"https:\/\/encuentroinformativo.com.mx\/index.php?rest_route=%2Fwp%2Fv2%2Fmedia&parent=213"}],"wp:term":[{"taxonomy":"category","embeddable":true,"href":"https:\/\/encuentroinformativo.com.mx\/index.php?rest_route=%2Fwp%2Fv2%2Fcategories&post=213"},{"taxonomy":"post_tag","embeddable":true,"href":"https:\/\/encuentroinformativo.com.mx\/index.php?rest_route=%2Fwp%2Fv2%2Ftags&post=213"}],"curies":[{"name":"wp","href":"https:\/\/api.w.org\/{rel}","templated":true}]}}