{"id":21316,"date":"2021-12-16T09:19:33","date_gmt":"2021-12-16T15:19:33","guid":{"rendered":"https:\/\/encuentroinformativo.com.mx\/?p=21316"},"modified":"2021-12-16T09:19:37","modified_gmt":"2021-12-16T15:19:37","slug":"buenas-senales-para-unos-malas-para-otros","status":"publish","type":"post","link":"https:\/\/encuentroinformativo.com.mx\/?p=21316","title":{"rendered":"BUENAS SE\u00d1ALES PARA UNOS; MALAS PARA OTROS"},"content":{"rendered":"\n<p><strong>ColumnaSinNombre<br>@pablojair<\/strong><\/p>\n\n\n\n<ul class=\"wp-block-list\"><li>Los hermanitos salados en sus \u00faltimos informes.<\/li><li>Amiguitos en fuga; patitas pa&#8217; que las quiero.<\/li><li>Zenyazen festeja con personal de la SEV.<\/li><\/ul>\n\n\n\n<p>No anden matando a Paquita, in\u00fatiles<br>&#8211;Chopenjawer<\/p>\n\n\n\n<p>Dec\u00edamos en la edici\u00f3n pasada que llam\u00f3 mucho la atenci\u00f3n el hecho de que las bancadas del PAN y el PRI en el Congreso del Estado no aprovecharon la tribuna para irse con todo contra el gobernador Cuitl\u00e1huac Garc\u00eda Jim\u00e9nez en la comparecencia que realiz\u00f3 en el recinto legislativo el pasado lunes.<\/p>\n\n\n\n<p>No obstante, quien s\u00ed tuvo un discurso fuerte y contundente para se\u00f1alarles sus acciones de corrupci\u00f3n y encubrimiento en el pasado, fue el propio mandatario estatal.<\/p>\n\n\n\n<p>No hay que rascarle mucho cuando se sabe que ambos grupos parlamentarios son controlados (o al menos tienen cercan\u00eda) con el exgobernador Miguel \u00c1ngel Yunes Linares, quien desde el inicio de la administraci\u00f3n decidi\u00f3 exiliarse pero de vez en cuando manda alfiles para darle golpes a la Cuarta Transformeishion\u2026 \u00bfC\u00f3mo se sabe? Por las redacciones de sus discursos \u2014que llevan todo el sello del h\u00edgado yunista\u2014 y porque sus compinches no se mandan solos.<\/p>\n\n\n\n<p>En su columna favorita mencion\u00e1bamos que esto era una se\u00f1al de bandera blanca por parte del exgobernador y esos grupos, a sabiendas de que tienen todo el escenario en contra y se va confirmando un futuro incierto para \u00e9l y sus cachorritos.<\/p>\n\n\n\n<p>Tambi\u00e9n dec\u00edamos que esto parec\u00eda ir en concordancia con lo ocurrido con la reciente reuni\u00f3n de l\u00edderes panistas con el gobierno del presidente Andr\u00e9s Manuel L\u00f3pez Obrador, v\u00eda el secretario de Gobernaci\u00f3n, Ad\u00e1n Augusto L\u00f3pez, quienes &#8211;por f\u00edn&#8211; decidieron sentarse a dialogar civilizadamente.<\/p>\n\n\n\n<p>Lo anterior es una se\u00f1al muy buena\u2026 y necesaria.<\/p>\n\n\n\n<p>El mismo presidente dijo que era bueno que el PAN dejara la actitud extremista. Adem\u00e1s, invit\u00f3 al partido tricolor a hacer lo mismo, pero pareciera que le piensan mucho en el PRI (algo que tampoco les ayuda mucho si quieren que la gente comience a volver a creer en ellos).<\/p>\n\n\n\n<p>&#8220;Es bueno el di\u00e1logo, que depongan la actitud extremista de rechazar todo, llegaron a una situaci\u00f3n muy negativa (\u2026) Es nada m\u00e1s oponerse por oponerse, qu\u00e9 bien que plantearon el di\u00e1logo y nosotros queremos di\u00e1logo y que conozcan el porqu\u00e9 de la actuaci\u00f3n del gobierno, que tengan m\u00e1s elementos y que act\u00faen pensando en el inter\u00e9s general, en lo que representan, no en el inter\u00e9s partidista (\u2026) Que se debata m\u00e1s, que se conozca m\u00e1s y no haya cerraz\u00f3n, y si consideran que es contrario al inter\u00e9s nacional, si con elementos puedes decir: \u2018nos oponemos\u2019. Ojal\u00e1 el PRI haga lo mismo, que se dialogue&#8221;, fue lo expresado por el mandatario nacional.<\/p>\n\n\n\n<p>Y es que en nada ayuda al pa\u00eds que las fuerzas contrarias a la Cuarta Transformeishion sean solamente un grupo cr\u00edtico que vapuleen un d\u00eda s\u00ed y al otro tambi\u00e9n, todo, absolutamente todo, simplemente porque no son de su partido o proyecto pol\u00edtico, y s\u00f3lo para \u201clegitimizarse\u201d como oposici\u00f3n. Si bien debe haber reclamos justos, tambi\u00e9n debe haber di\u00e1logo.<\/p>\n\n\n\n<p>De por si se viven tiempos polarizados, situaci\u00f3n que no ayuda en nada al pa\u00eds; tanto a los opositores recalcitrantes como a los que forman parte de la 4T, no les conviene tener un pa\u00eds confrontado, dividido; por eso la se\u00f1al de di\u00e1logo y acercamientos debe aplaudirse.<\/p>\n\n\n\n<p>En esta nueva fase de acercamiento estuvieron el presidente nacional del PAN, Marko Cort\u00e9s; los gobernadores de Durango y de Tamaulipas, Jos\u00e9 Rosas Aispuro y Francisco Garc\u00eda Cabeza de Vaca; los coordinadores parlamentarios, el senador Julen Rementer\u00eda del Puerto y el diputado Jorge Romero; as\u00ed como por el presidente de la comisi\u00f3n pol\u00edtica, Santiago Creel.<\/p>\n\n\n\n<p>A esto s\u00famese que la gobernadora panista Maru Campos, representando a Chihuahua, abandonar\u00e1 la Alianza Federalista de Gobernadores que se conform\u00f3 con otros mandatarios de oposici\u00f3n a Morena el a\u00f1o pasado, y volver\u00e1 a participar en la Conferencia Nacional de Gobernadores (Conago) este jueves en Villahermosa, Tabasco.<\/p>\n\n\n\n<p>\u201cSe ha visto que se logra m\u00e1s con el di\u00e1logo y la mediaci\u00f3n que estando confrontados, por lo que Chihuahua estar\u00e1 de nuevo en la Conferencia Nacional de Gobernadores\u201d, expres\u00f3 la mandataria a reporteros.<\/p>\n\n\n\n<p>Quiz\u00e1s haya voces al interior del PAN (de manera muy insensata) que con esto quieran decir que ya hay panistas a disposici\u00f3n de Morena, pero la realidad es que al final de cuentas cualquier fuerza pol\u00edtica tiene que sentarse a dialogar, a negociar, a hacer pol\u00edtica con cualquier gobierno, por el bien del pa\u00eds, el estado o el municipio.<\/p>\n\n\n\n<p>En nada ayuda hacerle al opositor, menos si son los mismos actores pol\u00edticos del pasado, quienes no tendr\u00e1n nunca la autoridad moral para criticar lo que se haga en el presente.<\/p>\n\n\n\n<p>A lo mejor para las voces m\u00e1s cr\u00edticas (y remarco: insensatas) fue como una patada en los test\u00edculos, porque, imag\u00ednese, \u00bfc\u00f3mo se van a reunir con el Peje?<\/p>\n\n\n\n<p>Por cierto, en este sentido, no salieron los miembros m\u00e1s aguerridos de la familia canina del Estero a ponerle el dedo al senador Julen Rementer\u00eda para acusarlo de ser morenista por reunirse con el secretario de Gobernaci\u00f3n, lo que ya va confirmando m\u00e1s la teor\u00eda de que sus adversarios los Yunes ven un escenario adverso tanto al interior del PAN estatal como en sus planes pol\u00edticos a futuro.<\/p>\n\n\n\n<p>En pocas palabras, ya le bajaron de &#8220;eggs&#8221; y ya lo que seguir\u00e1 ser\u00e1 meramente puro choro medi\u00e1tico para seguir enga\u00f1ando a sus incautos de siempre: &#8220;La pucha sigue\u2026 No nos vencer\u00e1n, estamos unidas\u2026 Somos v\u00edctimas y chillamos hasta en los informes de gobierno familiares, bla bla bla bla bla\u201d\u2026<\/p>\n\n\n\n<p><strong>NOTA PARA PEGAR EN EL REFRI: <\/strong>Que los hermanitos Yunes est\u00e1n bien salados en los \u00faltimos informes de Gobierno municipales: el d\u00eda que le toc\u00f3 a Fernando le anularon el triunfo a su cu\u00f1ada y resalt\u00f3 m\u00e1s la imagen de su hermano llorando a moco tendido\u2026 Hace poco m\u00e1s de tres a\u00f1os ocurri\u00f3 lo mismo con &#8220;Miguel Chiquito&#8221;, quien andaba bien inspirado en su despedida como alcalde de Boca del R\u00edo, pero le rob\u00f3 c\u00e1mara el infarto que le estaba dando al entonces secre de Seguridad P\u00fablica Jaime &#8220;Sugardaddy&#8221; T\u00e9llez, quien sali\u00f3 en camilla y toda la cosa al son de &#8220;\u00a1Est\u00fapida, mi informe!\u201d\u2026<\/p>\n\n\n\n<p><strong>OTRA NOTA: <\/strong>Lo publica el prestigiado portal Versiones, que todos leen y es referencia obligada: \u201cMar\u00eda Rebeca Gonz\u00e1lez Silva, quien renunci\u00f3 este mi\u00e9rcoles como Secretaria del Ayuntamiento de Veracruz, a tan s\u00f3lo 16 d\u00edas de que concluya la administraci\u00f3n municipal que encabeza el alcalde panista Fernando Yunes M\u00e1rquez, podr\u00eda recurrir al criterio de oportunidad y declarar en contra de su ahora ex jefe y en contra del hermano de \u00e9ste, Miguel \u00c1ngel Yunes M\u00e1rquez, ex candidato a alcalde por la alianza PAN-PRI-PRD\u2026 Como es sabido, Gonz\u00e1lez Silva estuvo involucrada en la pol\u00e9mica por otorgarle la falsa residencia a Miguel \u00c1ngel Yunes M\u00e1rquez que fue motivo de la revocaci\u00f3n de su candidatura a la alcald\u00eda de Veracruz\u2026 En la denuncia penal tambi\u00e9n incluyeron a Gianfranco Melchor Robinson, ex director de Gobernaci\u00f3n, y Sergio Flores Sosa, jefe de manzana en el fraccionamiento Reforma, donde Yunes M\u00e1rquez intent\u00f3 acreditar su residencia\u2026 Al atenerse al criterio de oportunidad, Gonz\u00e1lez Silva no ser\u00e1 judicializada, pues se sabe que ella podr\u00eda aducir que recibi\u00f3 \u00f3rdenes del presidente municipal Fernando Yunes M\u00e1rquez para otorgarle carta de residencia a su hermano Miguel \u00c1ngel\u2026 Asimismo, Mar\u00eda Rebeca habr\u00eda deslizado en d\u00edas pasados que ella \u201cno quiere problemas\u201d, y por ello estar\u00eda dispuesta a confesar la verdad sobre la pol\u00e9mica constancia de residencia expedida a Miguel \u00c1ngel Yunes M\u00e1rquez\u201d.<\/p>\n\n\n\n<p><strong>LA \u00daLTIMA PORQUE MASTER CHIEF EN EL INFINITE: <\/strong>Al presidir el festejo de Fin de A\u00f1o para el personal administrativo del sistema estatal de la Secretar\u00eda de Educaci\u00f3n de Veracruz (SEV), el titular Zenyazen Escobar Garc\u00eda, agradeci\u00f3 su trabajo y compromiso porque son parte importante para que el sistema educativo avance. Asimismo, pidi\u00f3 un minuto de aplausos por los servidores p\u00fablicos que fallecieron a causa de la pandemia del Covid-19. En las instalaciones de la Secretar\u00eda, se congreg\u00f3 la base trabajadora para convivir en el festejo.<\/p>\n","protected":false},"excerpt":{"rendered":"<p>ColumnaSinNombre@pablojair Los hermanitos salados en sus \u00faltimos informes. Amiguitos en fuga; patitas pa&#8217; que las quiero. Zenyazen festeja con personal de la SEV. No anden matando a Paquita, in\u00fatiles&#8211;Chopenjawer Dec\u00edamos en la edici\u00f3n pasada que llam\u00f3 mucho la atenci\u00f3n el hecho de que las bancadas del PAN y el PRI en el Congreso del Estado [&hellip;]<\/p>\n","protected":false},"author":1,"featured_media":488,"comment_status":"open","ping_status":"open","sticky":false,"template":"","format":"standard","meta":{"_jetpack_memberships_contains_paid_content":false,"footnotes":""},"categories":[11],"tags":[],"class_list":["post-21316","post","type-post","status-publish","format-standard","has-post-thumbnail","hentry","category-opinion"],"jetpack_featured_media_url":"https:\/\/encuentroinformativo.com.mx\/wp-content\/uploads\/2020\/03\/F471F608-BA1A-416B-BA7B-BCFB24F4E6D0.jpeg","jetpack_sharing_enabled":true,"jetpack_likes_enabled":true,"amp_enabled":true,"_links":{"self":[{"href":"https:\/\/encuentroinformativo.com.mx\/index.php?rest_route=\/wp\/v2\/posts\/21316","targetHints":{"allow":["GET"]}}],"collection":[{"href":"https:\/\/encuentroinformativo.com.mx\/index.php?rest_route=\/wp\/v2\/posts"}],"about":[{"href":"https:\/\/encuentroinformativo.com.mx\/index.php?rest_route=\/wp\/v2\/types\/post"}],"author":[{"embeddable":true,"href":"https:\/\/encuentroinformativo.com.mx\/index.php?rest_route=\/wp\/v2\/users\/1"}],"replies":[{"embeddable":true,"href":"https:\/\/encuentroinformativo.com.mx\/index.php?rest_route=%2Fwp%2Fv2%2Fcomments&post=21316"}],"version-history":[{"count":1,"href":"https:\/\/encuentroinformativo.com.mx\/index.php?rest_route=\/wp\/v2\/posts\/21316\/revisions"}],"predecessor-version":[{"id":21317,"href":"https:\/\/encuentroinformativo.com.mx\/index.php?rest_route=\/wp\/v2\/posts\/21316\/revisions\/21317"}],"wp:featuredmedia":[{"embeddable":true,"href":"https:\/\/encuentroinformativo.com.mx\/index.php?rest_route=\/wp\/v2\/media\/488"}],"wp:attachment":[{"href":"https:\/\/encuentroinformativo.com.mx\/index.php?rest_route=%2Fwp%2Fv2%2Fmedia&parent=21316"}],"wp:term":[{"taxonomy":"category","embeddable":true,"href":"https:\/\/encuentroinformativo.com.mx\/index.php?rest_route=%2Fwp%2Fv2%2Fcategories&post=21316"},{"taxonomy":"post_tag","embeddable":true,"href":"https:\/\/encuentroinformativo.com.mx\/index.php?rest_route=%2Fwp%2Fv2%2Ftags&post=21316"}],"curies":[{"name":"wp","href":"https:\/\/api.w.org\/{rel}","templated":true}]}}