{"id":21327,"date":"2021-12-16T13:39:03","date_gmt":"2021-12-16T19:39:03","guid":{"rendered":"https:\/\/encuentroinformativo.com.mx\/?p=21327"},"modified":"2021-12-16T13:39:07","modified_gmt":"2021-12-16T19:39:07","slug":"desestima-alcalde-protesta-de-mujeres-que-se-ataron-al-palacio","status":"publish","type":"post","link":"https:\/\/encuentroinformativo.com.mx\/?p=21327","title":{"rendered":"Desestima alcalde protesta de mujeres que se \u201cataron\u201d al Palacio"},"content":{"rendered":"\n<p><strong>Juan Arcos<\/strong> <\/p>\n\n\n\n<p>Xalapa, Ver.- El alcalde de Xalapa, Hip\u00f3lito Rodr\u00edguez Herrero, consider\u00f3 \u201cexagerada\u201d la protesta de dos mujeres que se ataron a la puerta principal del Palacio Municipal por despidos injustificados.<\/p>\n\n\n\n<p>Cabe recordar que Margarita Ju\u00e1rez Huerta y Mar\u00eda Luisa Torres denunciaron al director de Participaci\u00f3n Ciudadana, Francisco Dom\u00ednguez Canseco, de haberlas despedido injustificadamente en diciembre de 2020.<\/p>\n\n\n\n<p>Ambas exigieron al Presidente Municipal que solucionara el problema antes de que concluya su administraci\u00f3n.<\/p>\n\n\n\n<p>Al respecto, el edil indic\u00f3 que detr\u00e1s de la manifestaci\u00f3n hay intereses pol\u00edticos y admiti\u00f3 que no recibi\u00f3 personalmente a las extrabajadoras.<\/p>\n\n\n\n<p>\u201cSiempre se atienden a todos los trabajadores, de los 3 mil 500 trabajadores que tiene el ayuntamiento, dos personas que creo que exageran en su forma de expresarse. Esto yo creo que es una forma excesiva de expresarse y corresponde a otros inter\u00e9s m\u00e1s que el de defender su situaci\u00f3n laboral\u201d.<\/p>\n\n\n\n<p>A\u00f1adi\u00f3 que las exempleadas fueron recibidas en la Direcci\u00f3n de Recursos Humanos para revisar cada uno de los casos, donde presuntamente fueron violentados sus derechos laborales.<\/p>\n\n\n\n<p>\u201cHay otro c\u00f3digo, no es propiamente su petici\u00f3n laboral, si no que hay otro c\u00f3digo que est\u00e1 detr\u00e1s con un \u00e1nimo que tiene otro significado (pol\u00edtico). Francamente siempre estamos atendiendo a todos los trabajadores sin excepci\u00f3n, de pronto que aparezcan dos compa\u00f1eras haciendo este show, si estamos abiertos al di\u00e1logo, no hab\u00eda porqu\u00e9 hacer eso\u201d.<\/p>\n\n\n\n<p>Rodr\u00edguez Herrero presumi\u00f3 que existe una \u201cexcelente relaci\u00f3n\u201d con los distintos sindicatos y que siempre ha prevalecido el di\u00e1logo para atender las necesidades de los trabajadores municipales.<\/p>\n\n\n\n<p>\u201cEs obviamente la voluntad de exceder un mensaje que no corresponde a los hechos. Hay que decir que tenemos una excelente relaci\u00f3n con los sindicatos, a todos se les atiende, a todos se les presta atenci\u00f3n no hay porqu\u00e9 llegar a esos extremos\u201d, remat\u00f3.\u00a0<\/p>\n","protected":false},"excerpt":{"rendered":"<p>Juan Arcos Xalapa, Ver.- El alcalde de Xalapa, Hip\u00f3lito Rodr\u00edguez Herrero, consider\u00f3 \u201cexagerada\u201d la protesta de dos mujeres que se ataron a la puerta principal del Palacio Municipal por despidos injustificados. Cabe recordar que Margarita Ju\u00e1rez Huerta y Mar\u00eda Luisa Torres denunciaron al director de Participaci\u00f3n Ciudadana, Francisco Dom\u00ednguez Canseco, de haberlas despedido injustificadamente en [&hellip;]<\/p>\n","protected":false},"author":1,"featured_media":21328,"comment_status":"open","ping_status":"open","sticky":false,"template":"","format":"standard","meta":{"_jetpack_memberships_contains_paid_content":false,"footnotes":""},"categories":[3],"tags":[],"class_list":["post-21327","post","type-post","status-publish","format-standard","has-post-thumbnail","hentry","category-xalapa"],"jetpack_featured_media_url":"https:\/\/encuentroinformativo.com.mx\/wp-content\/uploads\/2021\/12\/BF91DFC5-091A-4CE4-8858-9B724944A92A.jpeg","jetpack_sharing_enabled":true,"jetpack_likes_enabled":true,"amp_enabled":true,"_links":{"self":[{"href":"https:\/\/encuentroinformativo.com.mx\/index.php?rest_route=\/wp\/v2\/posts\/21327","targetHints":{"allow":["GET"]}}],"collection":[{"href":"https:\/\/encuentroinformativo.com.mx\/index.php?rest_route=\/wp\/v2\/posts"}],"about":[{"href":"https:\/\/encuentroinformativo.com.mx\/index.php?rest_route=\/wp\/v2\/types\/post"}],"author":[{"embeddable":true,"href":"https:\/\/encuentroinformativo.com.mx\/index.php?rest_route=\/wp\/v2\/users\/1"}],"replies":[{"embeddable":true,"href":"https:\/\/encuentroinformativo.com.mx\/index.php?rest_route=%2Fwp%2Fv2%2Fcomments&post=21327"}],"version-history":[{"count":1,"href":"https:\/\/encuentroinformativo.com.mx\/index.php?rest_route=\/wp\/v2\/posts\/21327\/revisions"}],"predecessor-version":[{"id":21329,"href":"https:\/\/encuentroinformativo.com.mx\/index.php?rest_route=\/wp\/v2\/posts\/21327\/revisions\/21329"}],"wp:featuredmedia":[{"embeddable":true,"href":"https:\/\/encuentroinformativo.com.mx\/index.php?rest_route=\/wp\/v2\/media\/21328"}],"wp:attachment":[{"href":"https:\/\/encuentroinformativo.com.mx\/index.php?rest_route=%2Fwp%2Fv2%2Fmedia&parent=21327"}],"wp:term":[{"taxonomy":"category","embeddable":true,"href":"https:\/\/encuentroinformativo.com.mx\/index.php?rest_route=%2Fwp%2Fv2%2Fcategories&post=21327"},{"taxonomy":"post_tag","embeddable":true,"href":"https:\/\/encuentroinformativo.com.mx\/index.php?rest_route=%2Fwp%2Fv2%2Ftags&post=21327"}],"curies":[{"name":"wp","href":"https:\/\/api.w.org\/{rel}","templated":true}]}}