{"id":21330,"date":"2021-12-16T13:45:21","date_gmt":"2021-12-16T19:45:21","guid":{"rendered":"https:\/\/encuentroinformativo.com.mx\/?p=21330"},"modified":"2021-12-16T13:45:24","modified_gmt":"2021-12-16T19:45:24","slug":"colonos-anuncian-proxima-protesta-en-cmas","status":"publish","type":"post","link":"https:\/\/encuentroinformativo.com.mx\/?p=21330","title":{"rendered":"Colonos anuncian pr\u00f3xima protesta en CMAS"},"content":{"rendered":"\n<p><strong>Juan Arcos <\/strong><\/p>\n\n\n\n<p>Xalapa, Ver.- Colonos de la ciudad de Xalapa protestar\u00e1n el pr\u00f3ximo 21 de diciembre en la ma\u00f1ana oficinas de la Comisi\u00f3n Comisi\u00f3n Municipal de Agua y Saneamiento (CMAS) por el presunto incumplimiento en las instalaciones de tomas domiciliarias.<\/p>\n\n\n\n<p>As\u00ed lo dio a conocer el representante del Frente Veracruzano Social (Frevesol), Carlos Hern\u00e1ndez Arriaga, quien a\u00f1adi\u00f3 que los tr\u00e1mites se iniciaron desde hace dos a\u00f1os y los pobladores cumplieron los requisitos para acceder a la red de agua potable.<\/p>\n\n\n\n<p>Se trata de habitantes de la colonia Valles del Sumidero, quienes padecen la falta de dicho servicio, debido a que les han dado largas cuando realizan los contratos correspondientes.<\/p>\n\n\n\n<p>El entrevistado record\u00f3 que el ayuntamiento de Xalapa construy\u00f3 cuartos dormitorios para beneficiar a 28 familias; sin embargo, les est\u00e1n negando el servicio mencionado.<\/p>\n\n\n\n<p>\u201cEl Ayuntamiento encabezado por Pedro Hip\u00f3lito Rodr\u00edguez Herrero, les construy\u00f3 cuartos-dormitorio (un programa federal donde fueron beneficiadas 28 familias) sin embargo les han negado la contrataci\u00f3n del servicio de agua\u201d, insisti\u00f3.<\/p>\n\n\n\n<p>Por tal motivo, los colonos se reunir\u00e1n en CMAS el pr\u00f3ximo martes 21 de diciembre y marchar\u00e1n a Plaza Sebasti\u00e1n Lerdo de Tejada para concluir su recorrido y alzar la voz en el Palacio Municipal.<\/p>\n\n\n\n<p>Cabe mencionar que las familias cuentan con los documentos de las peticiones que han realizado durante los \u00faltimos a\u00f1os, algunas de las ellas tramitadas desde septiembre de 2018.<\/p>\n\n\n\n<p>\u201cOtra de las cosas de que dicen estos insensatos en un oficio nos dicen que no hay red de agua potable para poder dar el servicio a quienes lo solicitan y algunas de las personas que los est\u00e1n solicitando est\u00e1n frente a la caja de agua de Homex (Santa Fe) y lo \u00fanico que los divide es la calle\u201d, enfatiz\u00f3 Hern\u00e1ndez Arriaga.<\/p>\n","protected":false},"excerpt":{"rendered":"<p>Juan Arcos Xalapa, Ver.- Colonos de la ciudad de Xalapa protestar\u00e1n el pr\u00f3ximo 21 de diciembre en la ma\u00f1ana oficinas de la Comisi\u00f3n Comisi\u00f3n Municipal de Agua y Saneamiento (CMAS) por el presunto incumplimiento en las instalaciones de tomas domiciliarias. As\u00ed lo dio a conocer el representante del Frente Veracruzano Social (Frevesol), Carlos Hern\u00e1ndez Arriaga, [&hellip;]<\/p>\n","protected":false},"author":1,"featured_media":21331,"comment_status":"open","ping_status":"open","sticky":false,"template":"","format":"standard","meta":{"_jetpack_memberships_contains_paid_content":false,"footnotes":""},"categories":[3],"tags":[],"class_list":["post-21330","post","type-post","status-publish","format-standard","has-post-thumbnail","hentry","category-xalapa"],"jetpack_featured_media_url":"https:\/\/encuentroinformativo.com.mx\/wp-content\/uploads\/2021\/12\/C12F47BA-AB87-4F87-83C2-AE70144ABB14.jpeg","jetpack_sharing_enabled":true,"jetpack_likes_enabled":true,"amp_enabled":true,"_links":{"self":[{"href":"https:\/\/encuentroinformativo.com.mx\/index.php?rest_route=\/wp\/v2\/posts\/21330","targetHints":{"allow":["GET"]}}],"collection":[{"href":"https:\/\/encuentroinformativo.com.mx\/index.php?rest_route=\/wp\/v2\/posts"}],"about":[{"href":"https:\/\/encuentroinformativo.com.mx\/index.php?rest_route=\/wp\/v2\/types\/post"}],"author":[{"embeddable":true,"href":"https:\/\/encuentroinformativo.com.mx\/index.php?rest_route=\/wp\/v2\/users\/1"}],"replies":[{"embeddable":true,"href":"https:\/\/encuentroinformativo.com.mx\/index.php?rest_route=%2Fwp%2Fv2%2Fcomments&post=21330"}],"version-history":[{"count":1,"href":"https:\/\/encuentroinformativo.com.mx\/index.php?rest_route=\/wp\/v2\/posts\/21330\/revisions"}],"predecessor-version":[{"id":21332,"href":"https:\/\/encuentroinformativo.com.mx\/index.php?rest_route=\/wp\/v2\/posts\/21330\/revisions\/21332"}],"wp:featuredmedia":[{"embeddable":true,"href":"https:\/\/encuentroinformativo.com.mx\/index.php?rest_route=\/wp\/v2\/media\/21331"}],"wp:attachment":[{"href":"https:\/\/encuentroinformativo.com.mx\/index.php?rest_route=%2Fwp%2Fv2%2Fmedia&parent=21330"}],"wp:term":[{"taxonomy":"category","embeddable":true,"href":"https:\/\/encuentroinformativo.com.mx\/index.php?rest_route=%2Fwp%2Fv2%2Fcategories&post=21330"},{"taxonomy":"post_tag","embeddable":true,"href":"https:\/\/encuentroinformativo.com.mx\/index.php?rest_route=%2Fwp%2Fv2%2Ftags&post=21330"}],"curies":[{"name":"wp","href":"https:\/\/api.w.org\/{rel}","templated":true}]}}