{"id":21348,"date":"2021-12-17T10:08:34","date_gmt":"2021-12-17T16:08:34","guid":{"rendered":"https:\/\/encuentroinformativo.com.mx\/?p=21348"},"modified":"2021-12-17T10:08:37","modified_gmt":"2021-12-17T16:08:37","slug":"se-quedan-en-prision-jovenes-detenidos-por-ultrajes","status":"publish","type":"post","link":"https:\/\/encuentroinformativo.com.mx\/?p=21348","title":{"rendered":"Se quedan en prisi\u00f3n j\u00f3venes detenidos por ultrajes"},"content":{"rendered":"\n<p><strong>Juan Arcos<\/strong><\/p>\n\n\n\n<p>Xalapa, Ver.- Los seis recluidos en el penal de Pacho Viejo, municipio de Coatepec, por el presunto delito de ultrajes a la autoridad permanecer\u00e1n en prisi\u00f3n, debido a que el juez de control Andr\u00e9s Garc\u00eda Nolasco se fue de vacaciones.<\/p>\n\n\n\n<p>Estos j\u00f3venes han sido defendidos por el senador de la Rep\u00fablica, Ricardo Monreal \u00c1vila, quien hizo p\u00fablico el caso para exigir su liberaci\u00f3n y la eliminaci\u00f3n de dicho delito al Congreso de Veracruz, toda vez que \u00e9ste da pie a los abusos policiales.<\/p>\n\n\n\n<p>El mi\u00e9rcoles 15 de diciembre, un juez federal concedi\u00f3 un amparo a los detenidos para frenar el auto de vinculaci\u00f3n a proceso y eliminar la medida cautelar de prisi\u00f3n preventiva.<\/p>\n\n\n\n<p>El turno de guardia le correspond\u00eda a la jueza de control Sarahi Sosa Moreno, pero la Fiscal\u00eda General del Estado y la Secretar\u00eda de Seguridad P\u00fablica (SSP) le requirieron excusarse.<\/p>\n\n\n\n<p>La audiencia estaba programada para las 19:00 horas del jueves en las salas de juicios orales del Centro de Reinserci\u00f3n Social (Cereso), con base en lo dictado por la autoridad jurisdiccional federal.<\/p>\n\n\n\n<p>La jueza coincidi\u00f3 en que deb\u00eda de excusarse de conocer el proceso para que fuese Noriega Velasco quien resolviera la sentencia de amparo.<\/p>\n\n\n\n<p>Por este motivo, se dej\u00f3 sin efecto la audiencia y los seis j\u00f3venes Manuel \u201cN\u201d, Luis Francisco \u201cN\u201d, Brian Alberto \u201cN\u201d, Juvencio \u201cN\u201d, Lorenzo \u201cN\u201d y Jos\u00e9 Leonardo \u201cN\u201d, continuar\u00e1n presos, pues en septiembre pasado fueron vinculados a proceso por el delito de ultrajes a la autoridad.<\/p>\n\n\n\n<p>La autoridad judicial instruy\u00f3 que el juez de control emitiera una nueva resoluci\u00f3n, tomando en cuenta que no hay datos de prueba suficientes, id\u00f3neos y pertinentes, para determinar que se cometi\u00f3 el il\u00edcito mencionado.<\/p>\n\n\n\n<p>Cabe recordar que los j\u00f3venes fueron arrestados, en septiembre pasado, en la Plaza El Tejar, ubicada en la colonia Tatahuicapan, frente a la Central de Autobuses de Xalapa (CAXA), en la capital de Veracruz.<\/p>\n\n\n\n<p>Los polic\u00edas estatales aseguraron que los detenidos ten\u00edan amagado y con la cabeza agachada a un hombre y, al notar la presencia de los servidores p\u00fablicos, dicha persona pidi\u00f3 ayuda y empez\u00f3 a forcejear.<\/p>\n\n\n\n<p>Los elementos de la Secretar\u00eda de Seguridad P\u00fablica acusaron que los detenidos usaron armas punzocortantes para amenazarlos e intentar agredirlos f\u00edsicamente.<\/p>\n\n\n\n<p>Sin embargo, el supuesto amagado no apareci\u00f3, no present\u00f3 su denuncia en la Fiscal\u00eda General del Estado y ni siquiera fue rescatado por los elementos de seguridad.<br>Sobre el caso, Ricardo Monreal, coordinador de la bancada del Movimiento de Regeneraci\u00f3n Nacional (Morena) ha vitalizado videos en redes sociales donde critica el actuar de la Fiscal\u00eda y del Poder Judicial de Veracruz.<\/p>\n\n\n\n<p>Incluso, en una de las grabaciones, el Legislador morenista aparece afuera del penal de Pacho Viejo, dijo haber visitado a los internos acusados de dicho delito y se\u00f1al\u00f3 que es notoria la injusticia en el caso.<\/p>\n","protected":false},"excerpt":{"rendered":"<p>Juan Arcos Xalapa, Ver.- Los seis recluidos en el penal de Pacho Viejo, municipio de Coatepec, por el presunto delito de ultrajes a la autoridad permanecer\u00e1n en prisi\u00f3n, debido a que el juez de control Andr\u00e9s Garc\u00eda Nolasco se fue de vacaciones. Estos j\u00f3venes han sido defendidos por el senador de la Rep\u00fablica, Ricardo Monreal [&hellip;]<\/p>\n","protected":false},"author":1,"featured_media":21349,"comment_status":"open","ping_status":"open","sticky":false,"template":"","format":"standard","meta":{"_jetpack_memberships_contains_paid_content":false,"footnotes":""},"categories":[8],"tags":[],"class_list":["post-21348","post","type-post","status-publish","format-standard","has-post-thumbnail","hentry","category-region"],"jetpack_featured_media_url":"https:\/\/encuentroinformativo.com.mx\/wp-content\/uploads\/2021\/12\/7D3824B8-0460-4744-AC65-BF658EC4DE37.jpeg","jetpack_sharing_enabled":true,"jetpack_likes_enabled":true,"amp_enabled":true,"_links":{"self":[{"href":"https:\/\/encuentroinformativo.com.mx\/index.php?rest_route=\/wp\/v2\/posts\/21348","targetHints":{"allow":["GET"]}}],"collection":[{"href":"https:\/\/encuentroinformativo.com.mx\/index.php?rest_route=\/wp\/v2\/posts"}],"about":[{"href":"https:\/\/encuentroinformativo.com.mx\/index.php?rest_route=\/wp\/v2\/types\/post"}],"author":[{"embeddable":true,"href":"https:\/\/encuentroinformativo.com.mx\/index.php?rest_route=\/wp\/v2\/users\/1"}],"replies":[{"embeddable":true,"href":"https:\/\/encuentroinformativo.com.mx\/index.php?rest_route=%2Fwp%2Fv2%2Fcomments&post=21348"}],"version-history":[{"count":1,"href":"https:\/\/encuentroinformativo.com.mx\/index.php?rest_route=\/wp\/v2\/posts\/21348\/revisions"}],"predecessor-version":[{"id":21350,"href":"https:\/\/encuentroinformativo.com.mx\/index.php?rest_route=\/wp\/v2\/posts\/21348\/revisions\/21350"}],"wp:featuredmedia":[{"embeddable":true,"href":"https:\/\/encuentroinformativo.com.mx\/index.php?rest_route=\/wp\/v2\/media\/21349"}],"wp:attachment":[{"href":"https:\/\/encuentroinformativo.com.mx\/index.php?rest_route=%2Fwp%2Fv2%2Fmedia&parent=21348"}],"wp:term":[{"taxonomy":"category","embeddable":true,"href":"https:\/\/encuentroinformativo.com.mx\/index.php?rest_route=%2Fwp%2Fv2%2Fcategories&post=21348"},{"taxonomy":"post_tag","embeddable":true,"href":"https:\/\/encuentroinformativo.com.mx\/index.php?rest_route=%2Fwp%2Fv2%2Ftags&post=21348"}],"curies":[{"name":"wp","href":"https:\/\/api.w.org\/{rel}","templated":true}]}}