{"id":21351,"date":"2021-12-17T10:36:07","date_gmt":"2021-12-17T16:36:07","guid":{"rendered":"https:\/\/encuentroinformativo.com.mx\/?p=21351"},"modified":"2021-12-17T10:36:12","modified_gmt":"2021-12-17T16:36:12","slug":"prometen-servicio-de-recoleccion-de-basura-en-medellin","status":"publish","type":"post","link":"https:\/\/encuentroinformativo.com.mx\/?p=21351","title":{"rendered":"Prometen servicio de recolecci\u00f3n de basura en Medell\u00edn"},"content":{"rendered":"\n<p><strong>Alejandro \u00c1vila<\/strong><\/p>\n\n\n\n<p>Medell\u00edn de Bravo, Ver.- El alcalde de Medell\u00edn de Bravo, Hip\u00f3lito Deschamps Espino Barros, subio un video a redes sociales donde se comprometio con la ciudadan\u00eda a evitar haya una mala recolecci\u00f3n de basura, la \u00faltima quincena del a\u00f1o.<\/p>\n\n\n\n<p>En recorrido que realiz\u00f3 en diversas colonias, fraccionamientos y localidades del municipio, destac\u00f3 la regularizaci\u00f3n del servicio de recolecci\u00f3n de basura.<\/p>\n\n\n\n<p>&#8220;Los primeros tres a\u00f1os y medio fue un servicio que estaba muy bien calificado, que estaba muy bien y despu\u00e9s decay\u00f3, y la verdad es que a m\u00ed no me gusta dar pretextos, me gusta dar soluciones, tal vez fue tarde, pero dicen, m\u00e1s vale tarde que nunca, y aparte quiero hacer un compromiso con ustedes. Ese compromiso, como ya est\u00e1 el d\u00eda de hoy, va a estar hasta el \u00faltimo d\u00eda de administraci\u00f3n el 31 de diciembre, porque, porque queremos entregarle a la siguiente administraci\u00f3n un buen servicio de recolecci\u00f3n de basura, para que ellos empiecen de cero y tambi\u00e9n hagan un buen trabajo, estoy seguro que lo van a poder hacer&#8221;, resalt\u00f3.<\/p>\n\n\n\n<p>Finalmente, agradeci\u00f3 los mensajes, quejas y comentarios que aportaron los ciudadanos durante los d\u00edas de mal servicio, pues le permitio conocer el problema de fondo y as\u00ed atacar la situaci\u00f3n de ra\u00edz.<\/p>\n","protected":false},"excerpt":{"rendered":"<p>Alejandro \u00c1vila Medell\u00edn de Bravo, Ver.- El alcalde de Medell\u00edn de Bravo, Hip\u00f3lito Deschamps Espino Barros, subio un video a redes sociales donde se comprometio con la ciudadan\u00eda a evitar haya una mala recolecci\u00f3n de basura, la \u00faltima quincena del a\u00f1o. En recorrido que realiz\u00f3 en diversas colonias, fraccionamientos y localidades del municipio, destac\u00f3 la [&hellip;]<\/p>\n","protected":false},"author":1,"featured_media":21352,"comment_status":"open","ping_status":"open","sticky":false,"template":"","format":"standard","meta":{"_jetpack_memberships_contains_paid_content":false,"footnotes":""},"categories":[2],"tags":[],"class_list":["post-21351","post","type-post","status-publish","format-standard","has-post-thumbnail","hentry","category-estado"],"jetpack_featured_media_url":"https:\/\/encuentroinformativo.com.mx\/wp-content\/uploads\/2021\/12\/56D53EFD-957D-4475-8DE3-A0FDA235F19D.jpeg","jetpack_sharing_enabled":true,"jetpack_likes_enabled":true,"amp_enabled":true,"_links":{"self":[{"href":"https:\/\/encuentroinformativo.com.mx\/index.php?rest_route=\/wp\/v2\/posts\/21351","targetHints":{"allow":["GET"]}}],"collection":[{"href":"https:\/\/encuentroinformativo.com.mx\/index.php?rest_route=\/wp\/v2\/posts"}],"about":[{"href":"https:\/\/encuentroinformativo.com.mx\/index.php?rest_route=\/wp\/v2\/types\/post"}],"author":[{"embeddable":true,"href":"https:\/\/encuentroinformativo.com.mx\/index.php?rest_route=\/wp\/v2\/users\/1"}],"replies":[{"embeddable":true,"href":"https:\/\/encuentroinformativo.com.mx\/index.php?rest_route=%2Fwp%2Fv2%2Fcomments&post=21351"}],"version-history":[{"count":1,"href":"https:\/\/encuentroinformativo.com.mx\/index.php?rest_route=\/wp\/v2\/posts\/21351\/revisions"}],"predecessor-version":[{"id":21353,"href":"https:\/\/encuentroinformativo.com.mx\/index.php?rest_route=\/wp\/v2\/posts\/21351\/revisions\/21353"}],"wp:featuredmedia":[{"embeddable":true,"href":"https:\/\/encuentroinformativo.com.mx\/index.php?rest_route=\/wp\/v2\/media\/21352"}],"wp:attachment":[{"href":"https:\/\/encuentroinformativo.com.mx\/index.php?rest_route=%2Fwp%2Fv2%2Fmedia&parent=21351"}],"wp:term":[{"taxonomy":"category","embeddable":true,"href":"https:\/\/encuentroinformativo.com.mx\/index.php?rest_route=%2Fwp%2Fv2%2Fcategories&post=21351"},{"taxonomy":"post_tag","embeddable":true,"href":"https:\/\/encuentroinformativo.com.mx\/index.php?rest_route=%2Fwp%2Fv2%2Ftags&post=21351"}],"curies":[{"name":"wp","href":"https:\/\/api.w.org\/{rel}","templated":true}]}}