{"id":21357,"date":"2021-12-17T13:03:29","date_gmt":"2021-12-17T19:03:29","guid":{"rendered":"https:\/\/encuentroinformativo.com.mx\/?p=21357"},"modified":"2021-12-17T13:03:32","modified_gmt":"2021-12-17T19:03:32","slug":"instalan-colectivos-esferas-de-busqueda-en-parque-juarez","status":"publish","type":"post","link":"https:\/\/encuentroinformativo.com.mx\/?p=21357","title":{"rendered":"Instalan Colectivos esferas de b\u00fasqueda en parque Ju\u00e1rez"},"content":{"rendered":"\n<p><strong>Juan Arcos<\/strong><\/p>\n\n\n\n<p>Xalapa, Ver.- Familiares de desaparecidos colocaron mas de 60 esferas con los rostros de sus seres queridos que a\u00fan no han sido localizados en el estado de Veracruz, desde hace varios a\u00f1os.<\/p>\n\n\n\n<p>Al menos seis colectivos se concentraron en el parque Benito Ju\u00e1rez, en pleno centro de la ciudad de Xalapa, para colocar cada esfera y nombrar a cada una de las personas desaparecidas.<\/p>\n\n\n\n<p>Los objetos fueron colgados sobre una araucaria de m\u00e1s de 15 metros de altura, con ayuda de una gr\u00faa y de personal del ayuntamiento de Xalapa.<\/p>\n\n\n\n<p>De acuerdo con Victoria Delgadillo Romero, integrante del colectivo Familiares Enlaces Xalapa, a\u00f1o tras a\u00f1o se ha realizado dicha actividad y el n\u00famero de esferas ha aumentado, toda vez que se han registrado m\u00e1s desapariciones en la entidad.<\/p>\n\n\n\n<p>\u201cHay much\u00edsimos casos, se acaba de acercar una compa\u00f1era hace tres d\u00edas, tiene tres meses desaparecidos su hijo en Veracruz, venimos a la Fiscal\u00eda y ayer fuimos a la Comisi\u00f3n de V\u00edctimas para que le den un registro\u201d.<\/p>\n\n\n\n<p>En ese sentido, Victoria Delgadillo indic\u00f3 que los colectivos de familiares de desaparecidos han crecido debido a que la problem\u00e1tica ha ido en aumento durante los \u00faltimos a\u00f1os.<\/p>\n\n\n\n<p>Con esta actividad, los colectivos concluyeron la \u201cJornada una navidad m\u00e1s en su b\u00fasqueda\u201d en la ciudad de Xalapa, donde tambi\u00e9n montaron una exposici\u00f3n fotogr\u00e1fica en bajos de Palacio de Gobierno durante lo d\u00edas mi\u00e9rcoles y jueves.<\/p>\n\n\n\n<p>Victoria busca a su hija Yunery Citlally Hern\u00e1ndez Delgadillo, quien ten\u00eda 26 a\u00f1os cuando y desapareci\u00f3 en noviembre de 2011, junto con otras 14 j\u00f3venes que hab\u00edan sido invitadas a un evento y nunca regresaron.\u00a0<\/p>\n","protected":false},"excerpt":{"rendered":"<p>Juan Arcos Xalapa, Ver.- Familiares de desaparecidos colocaron mas de 60 esferas con los rostros de sus seres queridos que a\u00fan no han sido localizados en el estado de Veracruz, desde hace varios a\u00f1os. Al menos seis colectivos se concentraron en el parque Benito Ju\u00e1rez, en pleno centro de la ciudad de Xalapa, para colocar [&hellip;]<\/p>\n","protected":false},"author":1,"featured_media":21358,"comment_status":"open","ping_status":"open","sticky":false,"template":"","format":"standard","meta":{"_jetpack_memberships_contains_paid_content":false,"footnotes":""},"categories":[3],"tags":[],"class_list":["post-21357","post","type-post","status-publish","format-standard","has-post-thumbnail","hentry","category-xalapa"],"jetpack_featured_media_url":"https:\/\/encuentroinformativo.com.mx\/wp-content\/uploads\/2021\/12\/30E0C416-DF6D-4BEB-93ED-8A9BA948BC53.jpeg","jetpack_sharing_enabled":true,"jetpack_likes_enabled":true,"amp_enabled":true,"_links":{"self":[{"href":"https:\/\/encuentroinformativo.com.mx\/index.php?rest_route=\/wp\/v2\/posts\/21357","targetHints":{"allow":["GET"]}}],"collection":[{"href":"https:\/\/encuentroinformativo.com.mx\/index.php?rest_route=\/wp\/v2\/posts"}],"about":[{"href":"https:\/\/encuentroinformativo.com.mx\/index.php?rest_route=\/wp\/v2\/types\/post"}],"author":[{"embeddable":true,"href":"https:\/\/encuentroinformativo.com.mx\/index.php?rest_route=\/wp\/v2\/users\/1"}],"replies":[{"embeddable":true,"href":"https:\/\/encuentroinformativo.com.mx\/index.php?rest_route=%2Fwp%2Fv2%2Fcomments&post=21357"}],"version-history":[{"count":1,"href":"https:\/\/encuentroinformativo.com.mx\/index.php?rest_route=\/wp\/v2\/posts\/21357\/revisions"}],"predecessor-version":[{"id":21359,"href":"https:\/\/encuentroinformativo.com.mx\/index.php?rest_route=\/wp\/v2\/posts\/21357\/revisions\/21359"}],"wp:featuredmedia":[{"embeddable":true,"href":"https:\/\/encuentroinformativo.com.mx\/index.php?rest_route=\/wp\/v2\/media\/21358"}],"wp:attachment":[{"href":"https:\/\/encuentroinformativo.com.mx\/index.php?rest_route=%2Fwp%2Fv2%2Fmedia&parent=21357"}],"wp:term":[{"taxonomy":"category","embeddable":true,"href":"https:\/\/encuentroinformativo.com.mx\/index.php?rest_route=%2Fwp%2Fv2%2Fcategories&post=21357"},{"taxonomy":"post_tag","embeddable":true,"href":"https:\/\/encuentroinformativo.com.mx\/index.php?rest_route=%2Fwp%2Fv2%2Ftags&post=21357"}],"curies":[{"name":"wp","href":"https:\/\/api.w.org\/{rel}","templated":true}]}}