{"id":21360,"date":"2021-12-17T13:42:47","date_gmt":"2021-12-17T19:42:47","guid":{"rendered":"https:\/\/encuentroinformativo.com.mx\/?p=21360"},"modified":"2021-12-17T13:42:51","modified_gmt":"2021-12-17T19:42:51","slug":"defiende-gobernador-a-secretario-de-salud-no-incurrio-en-violencia-politica-afirma","status":"publish","type":"post","link":"https:\/\/encuentroinformativo.com.mx\/?p=21360","title":{"rendered":"Defiende Gobernador a secretario de Salud; no incurri\u00f3 en violencia pol\u00edtica, afirma"},"content":{"rendered":"\n<p><strong>Dar\u00edo Pale<\/strong><\/p>\n\n\n\n<p>Xalapa, Ver.- El gobernador del estado Cuitl\u00e1huac Garc\u00eda Jim\u00e9nez neg\u00f3 que el titular de la Secretar\u00eda de Salud Roberto Ramos Alor, haya incurrido en violencia pol\u00edtica en raz\u00f3n de g\u00e9nero en contra de la diputada Anil\u00fa Ingram Vallines cuando us\u00f3 las frases &#8220;antes muertas que sencillas&#8221; y &#8220;totalmente palacio&#8221; durante su comparecencia el el Congreso del Estado.<\/p>\n\n\n\n<p>Entrevistado en la reapertura del cinema Carmela Rey del Instituto de Pensiones del Estado (IPE), se\u00f1al\u00f3 que en lo que corresponde a lo sucedido este viernes, donde la coordinadora del Partido Revolucionario Institucional (PRI) denunci\u00f3 a Ramos Alor ante la Fiscal\u00eda Especializada en Delitos Cometidos por Servidores P\u00fablicos, Garc\u00eda Jim\u00e9nez se pronunci\u00f3 porque sea dicha instancia quien determine si el secretario de Salud cometi\u00f3 o no violencia pol\u00edtica en raz\u00f3n de g\u00e9nero.<\/p>\n\n\n\n<p>&#8220;Hemos sido muy respetuosos, el secretario tambi\u00e9n lo ha sido. Desconocemos porque ella asumi\u00f3 eso. La expresi\u00f3n que \u00e9l hace es en respuesta a un diputado, no s\u00e9 porqu\u00e9 se desvi\u00f3 la atenci\u00f3n hacia all\u00e1. Nosotros seguiremos respetuosos. El doctor Alor ha sido muy respetuoso y que lo decida la instancia&#8221;, se\u00f1al\u00f3.<\/p>\n\n\n\n<p>El gobernador justific\u00f3 que los comentarios de Ramos Alor ocurrieron cuando dialogaba con el diputado Oth\u00f3n Hern\u00e1ndez Candenado, y aunque Ramos Alor los hizo en alusi\u00f3n a la diputada Ingram Vallines, quien lo acababa de cuestionar sobre el desabasto de medicamentos en Veracruz, dijo que desconoc\u00eda la raz\u00f3n de la reacci\u00f3n de la diputada.<\/p>\n\n\n\n<p>Finalmente se\u00f1al\u00f3 que, &#8220;no s\u00e9 porqu\u00e9 entra la diputada&#8230; Lo que vemos es que alguien requiere muchos reflectores y nosotros no estamos para eso, estamos para cumplir la Ley, actuar respetuosamente&#8221;.<\/p>\n","protected":false},"excerpt":{"rendered":"<p>Dar\u00edo Pale Xalapa, Ver.- El gobernador del estado Cuitl\u00e1huac Garc\u00eda Jim\u00e9nez neg\u00f3 que el titular de la Secretar\u00eda de Salud Roberto Ramos Alor, haya incurrido en violencia pol\u00edtica en raz\u00f3n de g\u00e9nero en contra de la diputada Anil\u00fa Ingram Vallines cuando us\u00f3 las frases &#8220;antes muertas que sencillas&#8221; y &#8220;totalmente palacio&#8221; durante su comparecencia el [&hellip;]<\/p>\n","protected":false},"author":1,"featured_media":21361,"comment_status":"open","ping_status":"open","sticky":false,"template":"","format":"standard","meta":{"_jetpack_memberships_contains_paid_content":false,"footnotes":""},"categories":[2],"tags":[],"class_list":["post-21360","post","type-post","status-publish","format-standard","has-post-thumbnail","hentry","category-estado"],"jetpack_featured_media_url":"https:\/\/encuentroinformativo.com.mx\/wp-content\/uploads\/2021\/12\/8D960F88-181B-4BDA-9CF7-0983C8C85B7F.jpeg","jetpack_sharing_enabled":true,"jetpack_likes_enabled":true,"amp_enabled":true,"_links":{"self":[{"href":"https:\/\/encuentroinformativo.com.mx\/index.php?rest_route=\/wp\/v2\/posts\/21360","targetHints":{"allow":["GET"]}}],"collection":[{"href":"https:\/\/encuentroinformativo.com.mx\/index.php?rest_route=\/wp\/v2\/posts"}],"about":[{"href":"https:\/\/encuentroinformativo.com.mx\/index.php?rest_route=\/wp\/v2\/types\/post"}],"author":[{"embeddable":true,"href":"https:\/\/encuentroinformativo.com.mx\/index.php?rest_route=\/wp\/v2\/users\/1"}],"replies":[{"embeddable":true,"href":"https:\/\/encuentroinformativo.com.mx\/index.php?rest_route=%2Fwp%2Fv2%2Fcomments&post=21360"}],"version-history":[{"count":1,"href":"https:\/\/encuentroinformativo.com.mx\/index.php?rest_route=\/wp\/v2\/posts\/21360\/revisions"}],"predecessor-version":[{"id":21362,"href":"https:\/\/encuentroinformativo.com.mx\/index.php?rest_route=\/wp\/v2\/posts\/21360\/revisions\/21362"}],"wp:featuredmedia":[{"embeddable":true,"href":"https:\/\/encuentroinformativo.com.mx\/index.php?rest_route=\/wp\/v2\/media\/21361"}],"wp:attachment":[{"href":"https:\/\/encuentroinformativo.com.mx\/index.php?rest_route=%2Fwp%2Fv2%2Fmedia&parent=21360"}],"wp:term":[{"taxonomy":"category","embeddable":true,"href":"https:\/\/encuentroinformativo.com.mx\/index.php?rest_route=%2Fwp%2Fv2%2Fcategories&post=21360"},{"taxonomy":"post_tag","embeddable":true,"href":"https:\/\/encuentroinformativo.com.mx\/index.php?rest_route=%2Fwp%2Fv2%2Ftags&post=21360"}],"curies":[{"name":"wp","href":"https:\/\/api.w.org\/{rel}","templated":true}]}}