{"id":21363,"date":"2021-12-17T15:02:27","date_gmt":"2021-12-17T21:02:27","guid":{"rendered":"https:\/\/encuentroinformativo.com.mx\/?p=21363"},"modified":"2021-12-17T15:02:30","modified_gmt":"2021-12-17T21:02:30","slug":"carmela-rey-sera-espacio-para-la-cultura-gobernador","status":"publish","type":"post","link":"https:\/\/encuentroinformativo.com.mx\/?p=21363","title":{"rendered":"Carmela Rey ser\u00e1 espacio para la cultura: Gobernador"},"content":{"rendered":"\n<p><strong>Dar\u00edo Pale<\/strong><\/p>\n\n\n\n<p>Xalapa, Ver.- Reaperturan sala de cine Carmela Rey, luego de servir por m\u00e1s de 15 a\u00f1os como bodega, donde el gobernador del estado Cuitl\u00e1huac Garc\u00eda Jim\u00e9nez solicit\u00f3 no &#8220;caer&#8221; en cine internacional que traen las grandes empresas transnacionales, sino que se apueste por las creaciones locales.<\/p>\n\n\n\n<p>Durante su mensaje, el Ejecutivo inform\u00f3 que el espacio que era el otro cine Claudio Estrada, servir\u00e1 para oficinas de la Secretar\u00eda de Medio Ambiente, y lanz\u00f3 un exhorto para que el Carmela Rey sea un espacio para la promoci\u00f3n de la cultura y que artistas locales se den a conocer.<\/p>\n\n\n\n<p>En ese sentido, pidi\u00f3 no &#8220;caer&#8221; en la cinematograf\u00eda que traen las grandes empresas transnacionales, \u201cno se trata de competir con Cin\u00e9polis, con otros espacios, que busquemos la alternativa. Hay mucho vine internacional que no se exhibe en nuestras salas, ojal\u00e1 que a trav\u00e9s del IVEC y la secretar\u00eda de Cultura federal podamos hacer un buen enlace y \u00e9ste sea una alternativa para ese cine que existe, se premia, es de alta calidad y, que incluso, se llega a hacer aqu\u00ed en Veracruz&#8221;.<\/p>\n\n\n\n<p>Garc\u00eda Jim\u00e9nez record\u00f3 que algunas oficinas como las del IVAI se pasaron a un inmueble del Instituto de Pensiones del Estado (IPE), con lo cual se logran mayores ingresos.<\/p>\n\n\n\n<p>&#8220;No era posible que se tuvieran inmuebles propiedad de los pensionados y que no estuvieran rindiendo frutos, las ganancias y los ingresos que se pretenden, ahora como ella lo ha mencionado (Daniela Griego), al renovarlos, aumentan su valor, pero tambi\u00e9n significan un ingreso y eso ha sido posible a que compa\u00f1eros han movido sus oficinas para ocuparlas&#8221;, coment\u00f3.<\/p>\n\n\n\n<p>Por \u00faltimo cuando defini\u00f3 que la Secretar\u00eda de Medio Ambiente pasar\u00e1 sus oficinas al espacio de lo que era el cinema Claudio Estrada, y que al pasarse las oficinas y al haber espacios para la promoci\u00f3n de la cultura se reactivar\u00e1 la econom\u00eda de la zona.<\/p>\n\n\n\n<p><\/p>\n","protected":false},"excerpt":{"rendered":"<p>Dar\u00edo Pale Xalapa, Ver.- Reaperturan sala de cine Carmela Rey, luego de servir por m\u00e1s de 15 a\u00f1os como bodega, donde el gobernador del estado Cuitl\u00e1huac Garc\u00eda Jim\u00e9nez solicit\u00f3 no &#8220;caer&#8221; en cine internacional que traen las grandes empresas transnacionales, sino que se apueste por las creaciones locales. Durante su mensaje, el Ejecutivo inform\u00f3 que [&hellip;]<\/p>\n","protected":false},"author":1,"featured_media":21364,"comment_status":"open","ping_status":"open","sticky":false,"template":"","format":"standard","meta":{"_jetpack_memberships_contains_paid_content":false,"footnotes":""},"categories":[3],"tags":[],"class_list":["post-21363","post","type-post","status-publish","format-standard","has-post-thumbnail","hentry","category-xalapa"],"jetpack_featured_media_url":"https:\/\/encuentroinformativo.com.mx\/wp-content\/uploads\/2021\/12\/6017612C-22EF-45A9-ABC0-58C2DE5F4ADF.jpeg","jetpack_sharing_enabled":true,"jetpack_likes_enabled":true,"amp_enabled":true,"_links":{"self":[{"href":"https:\/\/encuentroinformativo.com.mx\/index.php?rest_route=\/wp\/v2\/posts\/21363","targetHints":{"allow":["GET"]}}],"collection":[{"href":"https:\/\/encuentroinformativo.com.mx\/index.php?rest_route=\/wp\/v2\/posts"}],"about":[{"href":"https:\/\/encuentroinformativo.com.mx\/index.php?rest_route=\/wp\/v2\/types\/post"}],"author":[{"embeddable":true,"href":"https:\/\/encuentroinformativo.com.mx\/index.php?rest_route=\/wp\/v2\/users\/1"}],"replies":[{"embeddable":true,"href":"https:\/\/encuentroinformativo.com.mx\/index.php?rest_route=%2Fwp%2Fv2%2Fcomments&post=21363"}],"version-history":[{"count":1,"href":"https:\/\/encuentroinformativo.com.mx\/index.php?rest_route=\/wp\/v2\/posts\/21363\/revisions"}],"predecessor-version":[{"id":21365,"href":"https:\/\/encuentroinformativo.com.mx\/index.php?rest_route=\/wp\/v2\/posts\/21363\/revisions\/21365"}],"wp:featuredmedia":[{"embeddable":true,"href":"https:\/\/encuentroinformativo.com.mx\/index.php?rest_route=\/wp\/v2\/media\/21364"}],"wp:attachment":[{"href":"https:\/\/encuentroinformativo.com.mx\/index.php?rest_route=%2Fwp%2Fv2%2Fmedia&parent=21363"}],"wp:term":[{"taxonomy":"category","embeddable":true,"href":"https:\/\/encuentroinformativo.com.mx\/index.php?rest_route=%2Fwp%2Fv2%2Fcategories&post=21363"},{"taxonomy":"post_tag","embeddable":true,"href":"https:\/\/encuentroinformativo.com.mx\/index.php?rest_route=%2Fwp%2Fv2%2Ftags&post=21363"}],"curies":[{"name":"wp","href":"https:\/\/api.w.org\/{rel}","templated":true}]}}