{"id":2137,"date":"2020-04-27T09:34:52","date_gmt":"2020-04-27T14:34:52","guid":{"rendered":"https:\/\/encuentroinformativo.com\/?p=2137"},"modified":"2020-04-27T05:07:21","modified_gmt":"2020-04-27T10:07:21","slug":"insomnio-otra-consecuencia-de-la-contingencia-sanitaria","status":"publish","type":"post","link":"https:\/\/encuentroinformativo.com.mx\/?p=2137","title":{"rendered":"Insomnio, otra consecuencia de la contingencia sanitaria"},"content":{"rendered":"\n<p>Ciudad de M\u00e9xico.- El insomnio es otra de las consecuencias de la contingencia sanitaria por COVID-19 y el distanciamiento social.<\/p>\n\n\n\n<p>Las personas no se levantan a la hora acostumbrada para llegar a la escuela o al trabajo, han disminuido su actividad f\u00edsica, toman siestas durante el d\u00eda y pasan m\u00e1s tiempo con dispositivos electr\u00f3nicos que emiten luz brillante y afectan el sue\u00f1o, afirm\u00f3 Ulises Jim\u00e9nez Correa, investigador de la Cl\u00ednica de Trastornos del Sue\u00f1o, de la Facultad de Medicina (FM) de la UNAM.<\/p>\n\n\n\n<p>Dormir bien es importante para estar tranquilos durante el d\u00eda, pero ahora se est\u00e1 desfasando nuestro ciclo de sue\u00f1o; adem\u00e1s, no ver a los amigos y disminuir las actividades psicosociales \u2013escuela, trabajo, deporte\u2013 genera estr\u00e9s, y ver en exceso noticias sobre la pandemia hace que nos sintamos ansiosos, lo cual contribuye al insomnio, agreg\u00f3.<\/p>\n\n\n\n<p>A ello se suman otros trastornos como las parasomnias: sonambulismo, rechinar de dientes u orinarse dormidos, que se exacerban poco a poco al estar ansiosos, como ocurre en este periodo de cuarentena, expuso.<\/p>\n\n\n\n<p>Para evitarlo, es necesario procurar seguir con nuestros h\u00e1bitos: acostarnos y levantarnos a la hora acostumbrada y cubrir las siete horas promedio de sue\u00f1o, en el caso de adultos sanos; en cuanto a los ni\u00f1os, se debe vigilar que duerman bien para evitar que al d\u00eda siguiente est\u00e9n irritables y alteren la convivencia familiar, recomend\u00f3.<\/p>\n\n\n\n<p>Tambi\u00e9n sugiri\u00f3 hacer actividad f\u00edsica por la ma\u00f1ana, mantener los horarios de alimentaci\u00f3n, y si se toma una siesta, que sea temprano y no por m\u00e1s de 20 minutos.<\/p>\n\n\n\n<p>Para llevar de la mejor manera la permanencia en casa, el tambi\u00e9n integrante de la Federaci\u00f3n Latinoamericana de Sociedades de Sue\u00f1o, recomend\u00f3 limitar la exposici\u00f3n a las noticias para no tener una carga emocional negativa.<\/p>\n\n\n\n<p>Asimismo, evitar la estimulaci\u00f3n luminosa brillante de los dispositivos electr\u00f3nicos antes de ir a la cama, pues no permiten que produzcamos melatonina, sustancia necesaria para empezar a dormir.<\/p>\n\n\n\n<p>Otra sugerencia es tener contacto social virtual para disminuir el estr\u00e9s. \u201cSi bien no podemos visitar a nuestros seres queridos, s\u00ed se pueden hacer videollamadas o videoconferencias para saber c\u00f3mo est\u00e1n y conversar\u201d.<\/p>\n\n\n\n<p>De igual manera, pidi\u00f3 evitar el consumo de tabaco, m\u00e1s cuando la epidemia por la que atravesamos es por una enfermedad respiratoria.<\/p>\n\n\n\n<p>A quienes presentaban problemas de insomnio antes de la contingencia, el universitario sugiri\u00f3 ver la posibilidad de acudir a consultas psiqui\u00e1tricas para que los apoyen con f\u00e1rmacos para dormir, \u201cpero de ninguna manera automedicarse, incrementar las dosis de medicamentos o combinarlos con bebidas alcoh\u00f3licas\u201d.<\/p>\n\n\n\n<p>\u201cTodos estamos un poco estresados por el confinamiento, pero tarde o temprano regresaremos a nuestra vida normal y por ahora hacemos mucho cuid\u00e1ndonos, aliment\u00e1ndonos bien e hidrat\u00e1ndonos\u201d, concluy\u00f3 el acad\u00e9mico de la UNAM.\u00a0<\/p>\n\n\n\n<p>Para m\u00e1s informaci\u00f3n al correo electr\u00f3nico\u00a0\u00a0<a href=\"mailto:ulisesjc@yahoo.com\">ulisesjc@yahoo.com<\/a>.<\/p>\n","protected":false},"excerpt":{"rendered":"<p>Ciudad de M\u00e9xico.- El insomnio es otra de las consecuencias de la contingencia sanitaria por COVID-19 y el distanciamiento social. Las personas no se levantan a la hora acostumbrada para llegar a la escuela o al trabajo, han disminuido su actividad f\u00edsica, toman siestas durante el d\u00eda y pasan m\u00e1s tiempo con dispositivos electr\u00f3nicos que [&hellip;]<\/p>\n","protected":false},"author":1,"featured_media":2138,"comment_status":"open","ping_status":"open","sticky":false,"template":"","format":"standard","meta":{"_jetpack_memberships_contains_paid_content":false,"footnotes":""},"categories":[9],"tags":[],"class_list":["post-2137","post","type-post","status-publish","format-standard","has-post-thumbnail","hentry","category-salud"],"jetpack_featured_media_url":"https:\/\/encuentroinformativo.com.mx\/wp-content\/uploads\/2020\/04\/7E6B7F3D-9555-4543-BE44-AAE6EADF3CFB.jpeg","jetpack_sharing_enabled":true,"jetpack_likes_enabled":true,"amp_enabled":true,"_links":{"self":[{"href":"https:\/\/encuentroinformativo.com.mx\/index.php?rest_route=\/wp\/v2\/posts\/2137","targetHints":{"allow":["GET"]}}],"collection":[{"href":"https:\/\/encuentroinformativo.com.mx\/index.php?rest_route=\/wp\/v2\/posts"}],"about":[{"href":"https:\/\/encuentroinformativo.com.mx\/index.php?rest_route=\/wp\/v2\/types\/post"}],"author":[{"embeddable":true,"href":"https:\/\/encuentroinformativo.com.mx\/index.php?rest_route=\/wp\/v2\/users\/1"}],"replies":[{"embeddable":true,"href":"https:\/\/encuentroinformativo.com.mx\/index.php?rest_route=%2Fwp%2Fv2%2Fcomments&post=2137"}],"version-history":[{"count":1,"href":"https:\/\/encuentroinformativo.com.mx\/index.php?rest_route=\/wp\/v2\/posts\/2137\/revisions"}],"predecessor-version":[{"id":2139,"href":"https:\/\/encuentroinformativo.com.mx\/index.php?rest_route=\/wp\/v2\/posts\/2137\/revisions\/2139"}],"wp:featuredmedia":[{"embeddable":true,"href":"https:\/\/encuentroinformativo.com.mx\/index.php?rest_route=\/wp\/v2\/media\/2138"}],"wp:attachment":[{"href":"https:\/\/encuentroinformativo.com.mx\/index.php?rest_route=%2Fwp%2Fv2%2Fmedia&parent=2137"}],"wp:term":[{"taxonomy":"category","embeddable":true,"href":"https:\/\/encuentroinformativo.com.mx\/index.php?rest_route=%2Fwp%2Fv2%2Fcategories&post=2137"},{"taxonomy":"post_tag","embeddable":true,"href":"https:\/\/encuentroinformativo.com.mx\/index.php?rest_route=%2Fwp%2Fv2%2Ftags&post=2137"}],"curies":[{"name":"wp","href":"https:\/\/api.w.org\/{rel}","templated":true}]}}