{"id":21392,"date":"2021-12-19T14:06:04","date_gmt":"2021-12-19T20:06:04","guid":{"rendered":"https:\/\/encuentroinformativo.com.mx\/?p=21392"},"modified":"2021-12-19T14:06:08","modified_gmt":"2021-12-19T20:06:08","slug":"liberados-6-jovenes-detenidos-por-ultrajes","status":"publish","type":"post","link":"https:\/\/encuentroinformativo.com.mx\/?p=21392","title":{"rendered":"Liberados 6 j\u00f3venes detenidos por ultrajes"},"content":{"rendered":"\n<p><strong>Juan Arcos<\/strong><\/p>\n\n\n\n<p>Xalapa, Ver.- Los seis recluidos en el penal de Pacho Viejo, municipio de Coatepec, por ultrajes a la autoridad desde septiembre pasado, a quienes ha defendido p\u00fablicamente el senador Ricardo Monreal \u00c1vila, fueron liberados la noche del s\u00e1bado 18 de diciembre.<\/p>\n\n\n\n<p>El pasado mi\u00e9rcoles 15 de diciembre, un juez federal concedi\u00f3 un amparo para frenar el auto de vinculaci\u00f3n a proceso y eliminar la medida cautelar de prisi\u00f3n preventiva contra los jovenes detenidos en el estado de Veracruz.<\/p>\n\n\n\n<p>La jueza Saray Sosa Moreno hizo efectivo el amparo de la autoridad jurisdiccional federal, donde se consider\u00f3 que la Fiscal\u00eda General del Estado (FGE) no aport\u00f3 pruebas suficientes para relacionarlos a dicho delito.<\/p>\n\n\n\n<p>Se trata de Manuel \u201cN\u201d, Luis Francisco \u201cN\u201d, Brian Alberto \u201cN\u201d, Juvencio \u201cN\u201d, Lorenzo \u201cN\u201d y Jos\u00e9 Leonardo \u201cN\u201d, quienes fueron arrestados en la Plaza El Tejar, ubicada en la colonia Tatahuicapan, frente a la Central de Autobuses de Xalapa (CAXA), en la capital de Veracruz.<\/p>\n\n\n\n<p>Los polic\u00edas estatales aseguraron que los detenidos ten\u00edan amagado y con la cabeza agachada a un hombre y, al notar la presencia de los servidores p\u00fablicos, dicha persona pidi\u00f3 ayuda y empez\u00f3 a forcejear.<\/p>\n\n\n\n<p>Los elementos de la Secretar\u00eda de Seguridad P\u00fablica (SSP) acusaron que los detenidos usaron armas punzocortantes para amenazarlos e intentar agredirlos f\u00edsicamente.<\/p>\n\n\n\n<p>Sin embargo, el supuesto amagado no apareci\u00f3, no present\u00f3 su denuncia en la Fiscal\u00eda General del Estado y ni siquiera fue rescatado por los elementos de seguridad.<\/p>\n\n\n\n<p>El jueves pasado se cancel\u00f3 la audiencia que orden\u00f3 el juez federal para liberar libres a los detenidos, debido a que el juez local que llevaba el caso, Andr\u00e9s Garc\u00eda Nolasco, se encontraba de vacaciones.<\/p>\n\n\n\n<p>Sobre el caso, Ricardo Monreal, coordinador de la bancada del Movimiento de Regeneraci\u00f3n Nacional (Morena) en el Senador de la Rep\u00fablica, ha viralizado videos en redes sociales donde critica el actuar de la Fiscal\u00eda y del Poder Judicial de Veracruz.<\/p>\n\n\n\n<p>El Presidente de la Junta de Coordinaci\u00f3n Pol\u00edtica (Jucopo) en el Senado exhort\u00f3 al Congreso de Veracruz que derogue el delito de ultrajes a la autoridad que impone prisi\u00f3n preventiva a los acusados.<\/p>\n\n\n\n<p>Por su parte, el gobernador Cuitl\u00e1huac Garc\u00eda Jim\u00e9nez consider\u00f3 que si el Senador \u201cquiere ser defensor de delincuentes, pues all\u00e1 \u00e9l\u201d.<\/p>\n","protected":false},"excerpt":{"rendered":"<p>Juan Arcos Xalapa, Ver.- Los seis recluidos en el penal de Pacho Viejo, municipio de Coatepec, por ultrajes a la autoridad desde septiembre pasado, a quienes ha defendido p\u00fablicamente el senador Ricardo Monreal \u00c1vila, fueron liberados la noche del s\u00e1bado 18 de diciembre. El pasado mi\u00e9rcoles 15 de diciembre, un juez federal concedi\u00f3 un amparo [&hellip;]<\/p>\n","protected":false},"author":1,"featured_media":21393,"comment_status":"open","ping_status":"open","sticky":false,"template":"","format":"standard","meta":{"_jetpack_memberships_contains_paid_content":false,"footnotes":""},"categories":[8],"tags":[],"class_list":["post-21392","post","type-post","status-publish","format-standard","has-post-thumbnail","hentry","category-region"],"jetpack_featured_media_url":"https:\/\/encuentroinformativo.com.mx\/wp-content\/uploads\/2021\/12\/58E19FEA-F147-4E7B-B558-B8BD0B102CB2.jpeg","jetpack_sharing_enabled":true,"jetpack_likes_enabled":true,"amp_enabled":true,"_links":{"self":[{"href":"https:\/\/encuentroinformativo.com.mx\/index.php?rest_route=\/wp\/v2\/posts\/21392","targetHints":{"allow":["GET"]}}],"collection":[{"href":"https:\/\/encuentroinformativo.com.mx\/index.php?rest_route=\/wp\/v2\/posts"}],"about":[{"href":"https:\/\/encuentroinformativo.com.mx\/index.php?rest_route=\/wp\/v2\/types\/post"}],"author":[{"embeddable":true,"href":"https:\/\/encuentroinformativo.com.mx\/index.php?rest_route=\/wp\/v2\/users\/1"}],"replies":[{"embeddable":true,"href":"https:\/\/encuentroinformativo.com.mx\/index.php?rest_route=%2Fwp%2Fv2%2Fcomments&post=21392"}],"version-history":[{"count":1,"href":"https:\/\/encuentroinformativo.com.mx\/index.php?rest_route=\/wp\/v2\/posts\/21392\/revisions"}],"predecessor-version":[{"id":21394,"href":"https:\/\/encuentroinformativo.com.mx\/index.php?rest_route=\/wp\/v2\/posts\/21392\/revisions\/21394"}],"wp:featuredmedia":[{"embeddable":true,"href":"https:\/\/encuentroinformativo.com.mx\/index.php?rest_route=\/wp\/v2\/media\/21393"}],"wp:attachment":[{"href":"https:\/\/encuentroinformativo.com.mx\/index.php?rest_route=%2Fwp%2Fv2%2Fmedia&parent=21392"}],"wp:term":[{"taxonomy":"category","embeddable":true,"href":"https:\/\/encuentroinformativo.com.mx\/index.php?rest_route=%2Fwp%2Fv2%2Fcategories&post=21392"},{"taxonomy":"post_tag","embeddable":true,"href":"https:\/\/encuentroinformativo.com.mx\/index.php?rest_route=%2Fwp%2Fv2%2Ftags&post=21392"}],"curies":[{"name":"wp","href":"https:\/\/api.w.org\/{rel}","templated":true}]}}