{"id":21395,"date":"2021-12-19T14:13:13","date_gmt":"2021-12-19T20:13:13","guid":{"rendered":"https:\/\/encuentroinformativo.com.mx\/?p=21395"},"modified":"2021-12-19T14:13:16","modified_gmt":"2021-12-19T20:13:16","slug":"votan-panistas-por-nueva-dirigencia","status":"publish","type":"post","link":"https:\/\/encuentroinformativo.com.mx\/?p=21395","title":{"rendered":"Votan panistas por nueva dirigencia"},"content":{"rendered":"\n<p><strong>Juan Arcos<\/strong><\/p>\n\n\n\n<p>Xalapa, Ver.- Despu\u00e9s de las nueve de la ma\u00f1ana inici\u00f3 la instalaci\u00f3n de casillas para la elecci\u00f3n interna del Partido Acci\u00f3n Nacional (PAN) en el proceso para la renovaci\u00f3n de la dirigencia en Veracruz.<\/p>\n\n\n\n<p>La sede es el edificio del Comit\u00e9 Directivo Municipal, ubicado en la esquina de las calles Guti\u00e9rrez Zamora y Jos\u00e9 Mar\u00eda Mata, en el centro de la ciudad de Xalapa.<\/p>\n\n\n\n<p>La recepci\u00f3n del voto de los militantes comenz\u00f3 despu\u00e9s de las diez de la ma\u00f1ana y la jornada concluir\u00e1 a las cinco de la tarde.<\/p>\n\n\n\n<p>Los contendientes son Joaqu\u00edn Guzm\u00e1n Avil\u00e9s, quien busca reelegirse, as\u00ed como Federico Salom\u00f3n Molina, en sustituci\u00f3n de Tito Delf\u00edn Cano, detenido por presunto fraude.<\/p>\n\n\n\n<p>La jornada electoral inici\u00f3 de manera pac\u00edfica en la capital del estado y se espera que concluya sin incidentes ni contratiempos.<\/p>\n\n\n\n<p>Cabe recordar que el proceso interno ha sido pol\u00e9mico tras la detenci\u00f3n de Delf\u00edn Cano, el pasado 27 de noviembre, al terminar un mitin en el municipio de \u00c1lamo Temapache, en la zona norte del estado.<\/p>\n\n\n\n<p>Un juez de control dict\u00f3 la medida cautelar de prisi\u00f3n preventiva justificada por seis meses contra Tito Delf\u00edn por su probable responsabilidad en los delitos de abuso de autoridad, incumplimiento de un deber legal y fraude.<\/p>\n\n\n\n<p>El exalcalde de Tierra Blanca encabezaba la planilla junto con la senadora Indira Rosales San Rom\u00e1n, quien busca la Secretar\u00eda General del Comit\u00e9 Directivo Estatal (CDE), quienes son los candidatos del grupo de \u201cLos Yunes\u201d.<\/p>\n\n\n\n<p>Sin embargo, tras la detenci\u00f3n de Tito, ahora encabeza la planilla Federico Salom\u00f3n Molina, quien pertenece al grupo de Enrique Cambranis Torres, diputado local cercano a Joaqu\u00edn Guzm\u00e1n Avil\u00e9s.<\/p>\n","protected":false},"excerpt":{"rendered":"<p>Juan Arcos Xalapa, Ver.- Despu\u00e9s de las nueve de la ma\u00f1ana inici\u00f3 la instalaci\u00f3n de casillas para la elecci\u00f3n interna del Partido Acci\u00f3n Nacional (PAN) en el proceso para la renovaci\u00f3n de la dirigencia en Veracruz. La sede es el edificio del Comit\u00e9 Directivo Municipal, ubicado en la esquina de las calles Guti\u00e9rrez Zamora y [&hellip;]<\/p>\n","protected":false},"author":1,"featured_media":21396,"comment_status":"open","ping_status":"open","sticky":false,"template":"","format":"standard","meta":{"_jetpack_memberships_contains_paid_content":false,"footnotes":""},"categories":[2],"tags":[],"class_list":["post-21395","post","type-post","status-publish","format-standard","has-post-thumbnail","hentry","category-estado"],"jetpack_featured_media_url":"https:\/\/encuentroinformativo.com.mx\/wp-content\/uploads\/2021\/12\/F77328FA-F337-4C4C-A385-85A0EE3106CD.jpeg","jetpack_sharing_enabled":true,"jetpack_likes_enabled":true,"amp_enabled":true,"_links":{"self":[{"href":"https:\/\/encuentroinformativo.com.mx\/index.php?rest_route=\/wp\/v2\/posts\/21395","targetHints":{"allow":["GET"]}}],"collection":[{"href":"https:\/\/encuentroinformativo.com.mx\/index.php?rest_route=\/wp\/v2\/posts"}],"about":[{"href":"https:\/\/encuentroinformativo.com.mx\/index.php?rest_route=\/wp\/v2\/types\/post"}],"author":[{"embeddable":true,"href":"https:\/\/encuentroinformativo.com.mx\/index.php?rest_route=\/wp\/v2\/users\/1"}],"replies":[{"embeddable":true,"href":"https:\/\/encuentroinformativo.com.mx\/index.php?rest_route=%2Fwp%2Fv2%2Fcomments&post=21395"}],"version-history":[{"count":1,"href":"https:\/\/encuentroinformativo.com.mx\/index.php?rest_route=\/wp\/v2\/posts\/21395\/revisions"}],"predecessor-version":[{"id":21397,"href":"https:\/\/encuentroinformativo.com.mx\/index.php?rest_route=\/wp\/v2\/posts\/21395\/revisions\/21397"}],"wp:featuredmedia":[{"embeddable":true,"href":"https:\/\/encuentroinformativo.com.mx\/index.php?rest_route=\/wp\/v2\/media\/21396"}],"wp:attachment":[{"href":"https:\/\/encuentroinformativo.com.mx\/index.php?rest_route=%2Fwp%2Fv2%2Fmedia&parent=21395"}],"wp:term":[{"taxonomy":"category","embeddable":true,"href":"https:\/\/encuentroinformativo.com.mx\/index.php?rest_route=%2Fwp%2Fv2%2Fcategories&post=21395"},{"taxonomy":"post_tag","embeddable":true,"href":"https:\/\/encuentroinformativo.com.mx\/index.php?rest_route=%2Fwp%2Fv2%2Ftags&post=21395"}],"curies":[{"name":"wp","href":"https:\/\/api.w.org\/{rel}","templated":true}]}}