{"id":21398,"date":"2021-12-19T15:12:08","date_gmt":"2021-12-19T21:12:08","guid":{"rendered":"https:\/\/encuentroinformativo.com.mx\/?p=21398"},"modified":"2021-12-19T15:12:12","modified_gmt":"2021-12-19T21:12:12","slug":"candidato-no-aparecio-en-boleta-de-eleccion","status":"publish","type":"post","link":"https:\/\/encuentroinformativo.com.mx\/?p=21398","title":{"rendered":"Candidato no apareci\u00f3 en boleta de elecci\u00f3n"},"content":{"rendered":"\n<p><strong>Juan Arcos<\/strong><\/p>\n\n\n\n<p>Xalapa, Ver.- El nombre de Federico Salom\u00f3n Molina, candidato a la dirigencia del Partido Acci\u00f3n Nacional (PAN) en Veracruz, no apareci\u00f3 en la boleta de la jornada electoral de este domingo 19 de diciembre.<\/p>\n\n\n\n<p>El aspirante indic\u00f3 que las papeletas ya hab\u00edan sido impresas para el proceso interno panista y no hubo tiempo de modificarlas.<\/p>\n\n\n\n<p>En ese sentido, los militantes debieron emitir su voto a Tito Delf\u00edn Cano para favorecerlo a \u00e9l en esta contienda interna del PAN.<\/p>\n\n\n\n<p>\u201cFue por un t\u00e9rmino legal, lo que pasa es que hay un t\u00e9rmino legal para hacer modificaciones de planillas, candidatos, etc\u00e9tera, cuando se dio el cambio m\u00edo, que fue por las circunstancias que todos ustedes conocen, por lo tanto, ya las boletas ya se hab\u00edan mandado a imprimir y entonces la Comisi\u00f3n ya no pudo mandar a imprimirlas, es un proceso que no estuvo a tiempo\u201d.<\/p>\n\n\n\n<p>Cabe recordar que Delf\u00edn Cano era el candidato y contrincante de Joaqu\u00edn Guzm\u00e1n Avil\u00e9s; sin embargo, fue detenido por presunto fraude y Federico Salom\u00f3n ocup\u00f3 su lugar.<\/p>\n\n\n\n<p>Por otra parte, Salom\u00f3n Molina denunci\u00f3 que el Movimiento de Regeneraci\u00f3n Nacional (Morena) implement\u00f3 un operativo para interferir en la votaci\u00f3n interna que permitir\u00e1 renovar la dirigencia estatal del PAN.<\/p>\n\n\n\n<p>\u201cMe est\u00e1n llegando los informes, yo creo que hay un operativo de Morena que finalmente intenta meterse a tratar de incidir en los destinos que les competen a los panistas, pero van a encontrarse con un panismo muy fuerte, muy contundente y m\u00e1s tarde nos alzaremos con el triunfo\u201d.<\/p>\n\n\n\n<p>Ha trascendido la presencia de integrantes del Movimiento de los 400 Pueblos en el municipio de \u00c1lamo Temapache, al norte de la entidad, donde tambi\u00e9n se lleva a cabo la votaci\u00f3n correspondiente.<\/p>\n","protected":false},"excerpt":{"rendered":"<p>Juan Arcos Xalapa, Ver.- El nombre de Federico Salom\u00f3n Molina, candidato a la dirigencia del Partido Acci\u00f3n Nacional (PAN) en Veracruz, no apareci\u00f3 en la boleta de la jornada electoral de este domingo 19 de diciembre. El aspirante indic\u00f3 que las papeletas ya hab\u00edan sido impresas para el proceso interno panista y no hubo tiempo [&hellip;]<\/p>\n","protected":false},"author":1,"featured_media":21399,"comment_status":"open","ping_status":"open","sticky":false,"template":"","format":"standard","meta":{"_jetpack_memberships_contains_paid_content":false,"footnotes":""},"categories":[2],"tags":[],"class_list":["post-21398","post","type-post","status-publish","format-standard","has-post-thumbnail","hentry","category-estado"],"jetpack_featured_media_url":"https:\/\/encuentroinformativo.com.mx\/wp-content\/uploads\/2021\/12\/C4DC0057-B728-439C-98DE-866969974AFC.jpeg","jetpack_sharing_enabled":true,"jetpack_likes_enabled":true,"amp_enabled":true,"_links":{"self":[{"href":"https:\/\/encuentroinformativo.com.mx\/index.php?rest_route=\/wp\/v2\/posts\/21398","targetHints":{"allow":["GET"]}}],"collection":[{"href":"https:\/\/encuentroinformativo.com.mx\/index.php?rest_route=\/wp\/v2\/posts"}],"about":[{"href":"https:\/\/encuentroinformativo.com.mx\/index.php?rest_route=\/wp\/v2\/types\/post"}],"author":[{"embeddable":true,"href":"https:\/\/encuentroinformativo.com.mx\/index.php?rest_route=\/wp\/v2\/users\/1"}],"replies":[{"embeddable":true,"href":"https:\/\/encuentroinformativo.com.mx\/index.php?rest_route=%2Fwp%2Fv2%2Fcomments&post=21398"}],"version-history":[{"count":1,"href":"https:\/\/encuentroinformativo.com.mx\/index.php?rest_route=\/wp\/v2\/posts\/21398\/revisions"}],"predecessor-version":[{"id":21400,"href":"https:\/\/encuentroinformativo.com.mx\/index.php?rest_route=\/wp\/v2\/posts\/21398\/revisions\/21400"}],"wp:featuredmedia":[{"embeddable":true,"href":"https:\/\/encuentroinformativo.com.mx\/index.php?rest_route=\/wp\/v2\/media\/21399"}],"wp:attachment":[{"href":"https:\/\/encuentroinformativo.com.mx\/index.php?rest_route=%2Fwp%2Fv2%2Fmedia&parent=21398"}],"wp:term":[{"taxonomy":"category","embeddable":true,"href":"https:\/\/encuentroinformativo.com.mx\/index.php?rest_route=%2Fwp%2Fv2%2Fcategories&post=21398"},{"taxonomy":"post_tag","embeddable":true,"href":"https:\/\/encuentroinformativo.com.mx\/index.php?rest_route=%2Fwp%2Fv2%2Ftags&post=21398"}],"curies":[{"name":"wp","href":"https:\/\/api.w.org\/{rel}","templated":true}]}}