{"id":21412,"date":"2021-12-20T09:04:52","date_gmt":"2021-12-20T15:04:52","guid":{"rendered":"https:\/\/encuentroinformativo.com.mx\/?p=21412"},"modified":"2021-12-20T09:14:19","modified_gmt":"2021-12-20T15:14:19","slug":"no-es-cuestion-de-reflectores","status":"publish","type":"post","link":"https:\/\/encuentroinformativo.com.mx\/?p=21412","title":{"rendered":"No es cuesti\u00f3n de reflectores"},"content":{"rendered":"\n<p><strong>N\u00fameros Rojos<br><\/strong><br><strong>Brenda Caballero<\/strong><\/p>\n\n\n\n<p>\u00bfY d\u00f3nde qued\u00f3 el #Resp\u00e9talas, la Publicidad del Gobierno del Estado de Veracruz para erradicar y abatir &nbsp;la violencia contra las Mujeres? Es claro que en la Secretar\u00eda de Salud no existe, pues aparte de que hay denuncias de acoso de mujeres que all\u00ed laboran contra sus jefes varones, no pasa nada o los casos quedan en la congeladora; incluso, su titular Roberto Ramos Alor parece que no lo pr\u00e1ctica \u00bfo ser\u00e1 que de camino a su oficina no hay ning\u00fan espectacular que pueda visualizar y llevar a cabo el respeto que merecemos las mujeres?<\/p>\n\n\n\n<p>La siguiente pregunta obligada es \u00bfMerece el Secretario de Salud Roberto Ramos Alor ser defendido por haber violentado a una mujer a pesar de la implementaci\u00f3n de la Estrategia de Coordinaci\u00f3n Estatal Cero Tolerancia a la Violencia contra las Mujeres y las Ni\u00f1as en Veracruz?<\/p>\n\n\n\n<p>Grave error de nuestras autoridades el decir que la mujer que lo denuncia quiere reflectores.<\/p>\n\n\n\n<p>Esto me recuerda el #SiMeMatan, que era porque andaba a altas horas de la noche o por mi forma de vestir, porque entonces, el denunciar a un acosador se convertir\u00eda en una forma de &#8220;buscar reflectores&#8221;. Aqu\u00ed no se trata de que qui\u00e9n sea la denunciante o qu\u00e9 puesto tenga. Es una mujer que simplemente merece Respeto, como dice la publicidad gubernamental.<\/p>\n\n\n\n<p>De verdad que no ayuda en nada esa defensa est\u00e9ril al Se\u00f1or Ramos Alor \u00bfpues qu\u00e9 garant\u00edas tenemos las veracruzanas que queremos denunciar acoso sexual, acoso laboral, violencia familiar, violencia de g\u00e9nero? \u00bfQu\u00e9 se nos revictimice al decir que queremos tener reflectores?<\/p>\n\n\n\n<p>La violencia a las mujeres no debe politizarse ni etiquetarse, porque entonces nunca se podr\u00e1n disminuir las alarmantes cifras que tenemos en el estado.<\/p>\n\n\n\n<p>Antes de pensar en reflectores, veamos las cifras del \u00faltimo Informe de Sobre Violencia Contra Las Mujeres, Incidencia Delictiva y Llamadas de Emergencia 911 del Secretariado Ejecutivo del Sistema Nacional de Seguridad P\u00fablica &nbsp;de la Secretar\u00eda de Seguridad y Protecci\u00f3n Ciudadana con corte al 31 de octubre de 2021 donde Veracruz ocupa los primeros lugares:<br>\u2022 Segundo Lugar nacional con 61 Presuntos Delitos de feminicidio de Enero a octubre de 2021.<br>\u2022 Dentro de los 100 municipios a nivel nacional con m\u00e1s feminicidios se encuentran Coatzacoalcos (lugar 40), Emiliano Zapata (<a href=\"https:\/\/www.google.com\/maps\/search\/52),+Papantla?entry=gmail&amp;source=g\">52), Papantla<\/a>&nbsp;(53), Tuxpan (81), Veracruz (82), Xalapa (83).&nbsp;<br>\u2022 Segundo lugar nacional con 17 presuntas v\u00edctimas mujeres de secuestro.<br>\u2022 Segundo lugar nacional con 263 presuntas v\u00edctimas mujeres de extorsi\u00f3n.<br>\u2022 Segundo lugar nacional con 1,310 presuntos delitos de violencia de g\u00e9nero en todas sus modalidades distinta a la violencia familiar.<br>La informaci\u00f3n arriba citada es reportada por las Procuradur\u00edas o Fiscal\u00edas de las 32 entidades federativas.<\/p>\n\n\n\n<p>Ahora bien, en el pasado Proceso Electoral tampoco nos fue nada bien con respecto a la violencia pol\u00edtica de g\u00e9nero, donde de acuerdo el Cuarto Informe de Violencia Pol\u00edtica en M\u00e9xico 2021 de Etellekt, Veracruz ocup\u00f3 el primer lugar con 45 v\u00edctimas, entre aspirantes, candidatos y candidatas a alg\u00fan puesto de elecci\u00f3n popular, seguido de Guerrero y Oaxaca.<\/p>\n\n\n\n<p>Urgen acciones que frenen los diferentes tipos de violencia que sufrimos las veracruzanas, pues es visto que los espectaculares de #Resp\u00e9talas no funcionan ni con los de casa.<\/p>\n\n\n\n<p>La denuncia ante cualquier delito es nuestra arma m\u00e1s importante, no la minimicemos. Las mujeres merecemos vivir sin violencia, es nuestro derecho. S\u00ed a la cultura de la denuncia, no a la normalizaci\u00f3n del &#8220;reflector&#8221;.<\/p>\n\n\n\n<p>@NumerosRojos_BC<br><a href=\"mailto:caballero_brenda@hotmail.com\" target=\"_blank\" rel=\"noreferrer noopener\">caballero_brenda@hotmail.com<\/a><\/p>\n","protected":false},"excerpt":{"rendered":"<p>N\u00fameros RojosBrenda Caballero \u00bfY d\u00f3nde qued\u00f3 el #Resp\u00e9talas, la Publicidad del Gobierno del Estado de Veracruz para erradicar y abatir &nbsp;la violencia contra las Mujeres? Es claro que en la Secretar\u00eda de Salud no existe, pues aparte de que hay denuncias de acoso de mujeres que all\u00ed laboran contra sus jefes varones, no pasa nada [&hellip;]<\/p>\n","protected":false},"author":1,"featured_media":488,"comment_status":"open","ping_status":"open","sticky":false,"template":"","format":"standard","meta":{"_jetpack_memberships_contains_paid_content":false,"footnotes":""},"categories":[11],"tags":[],"class_list":["post-21412","post","type-post","status-publish","format-standard","has-post-thumbnail","hentry","category-opinion"],"jetpack_featured_media_url":"https:\/\/encuentroinformativo.com.mx\/wp-content\/uploads\/2020\/03\/F471F608-BA1A-416B-BA7B-BCFB24F4E6D0.jpeg","jetpack_sharing_enabled":true,"jetpack_likes_enabled":true,"amp_enabled":true,"_links":{"self":[{"href":"https:\/\/encuentroinformativo.com.mx\/index.php?rest_route=\/wp\/v2\/posts\/21412","targetHints":{"allow":["GET"]}}],"collection":[{"href":"https:\/\/encuentroinformativo.com.mx\/index.php?rest_route=\/wp\/v2\/posts"}],"about":[{"href":"https:\/\/encuentroinformativo.com.mx\/index.php?rest_route=\/wp\/v2\/types\/post"}],"author":[{"embeddable":true,"href":"https:\/\/encuentroinformativo.com.mx\/index.php?rest_route=\/wp\/v2\/users\/1"}],"replies":[{"embeddable":true,"href":"https:\/\/encuentroinformativo.com.mx\/index.php?rest_route=%2Fwp%2Fv2%2Fcomments&post=21412"}],"version-history":[{"count":2,"href":"https:\/\/encuentroinformativo.com.mx\/index.php?rest_route=\/wp\/v2\/posts\/21412\/revisions"}],"predecessor-version":[{"id":21416,"href":"https:\/\/encuentroinformativo.com.mx\/index.php?rest_route=\/wp\/v2\/posts\/21412\/revisions\/21416"}],"wp:featuredmedia":[{"embeddable":true,"href":"https:\/\/encuentroinformativo.com.mx\/index.php?rest_route=\/wp\/v2\/media\/488"}],"wp:attachment":[{"href":"https:\/\/encuentroinformativo.com.mx\/index.php?rest_route=%2Fwp%2Fv2%2Fmedia&parent=21412"}],"wp:term":[{"taxonomy":"category","embeddable":true,"href":"https:\/\/encuentroinformativo.com.mx\/index.php?rest_route=%2Fwp%2Fv2%2Fcategories&post=21412"},{"taxonomy":"post_tag","embeddable":true,"href":"https:\/\/encuentroinformativo.com.mx\/index.php?rest_route=%2Fwp%2Fv2%2Ftags&post=21412"}],"curies":[{"name":"wp","href":"https:\/\/api.w.org\/{rel}","templated":true}]}}