{"id":21417,"date":"2021-12-20T11:56:27","date_gmt":"2021-12-20T17:56:27","guid":{"rendered":"https:\/\/encuentroinformativo.com.mx\/?p=21417"},"modified":"2021-12-20T11:56:30","modified_gmt":"2021-12-20T17:56:30","slug":"encallan-delfines-en-playas-de-boca-del-rio","status":"publish","type":"post","link":"https:\/\/encuentroinformativo.com.mx\/?p=21417","title":{"rendered":"Encallan delfines en playas de Boca del R\u00edo"},"content":{"rendered":"\n<p><strong>Alejandro \u00c1vila<\/strong><\/p>\n\n\n\n<p>Veracruz, Ver.- Un total de 10 delfines encallaron la ma\u00f1ana de este lunes en las playas de Boca del R\u00edo, siete de ellos pudieron ser regresados al mar por ciudadanos y elementos de la Polic\u00eda Municipal, pero tres de ellos perdieron la vida en el lugar.<\/p>\n\n\n\n<p>El presidente municipal, Humberto Alonso Morelli, se present\u00f3 al lugar y en entrevista mencion\u00f3 que, seg\u00fan lo investigado, los cet\u00e1ceos perdieron el rumbo por el evento del norte.<\/p>\n\n\n\n<p>\u201cLo que me comentan los polic\u00edas es que regresaban al mar los delfines y volv\u00edan a encallar, entonces hab\u00eda un comportamiento que desafortunadamente en delfines a veces es com\u00fan. Ya PROFEPA como ustedes lo vieron ya dio acciones y parte, van a hacer los estudios necesarios, y bueno, siempre es muy lamentable este tipo de cosas\u201d, apunt\u00f3.<\/p>\n\n\n\n<p>El edil panista dijo que es normal que los delfines encallen en playas de Veracruz o Boca del R\u00edo, por su naturaleza, aunque en otras ocasiones el aviso se da a tiempo y todas las especies son regresadas al mar sin problema.<\/p>\n\n\n\n<p>En esta ocasi\u00f3n no se pudo lograr el objetivo completo.<\/p>\n","protected":false},"excerpt":{"rendered":"<p>Alejandro \u00c1vila Veracruz, Ver.- Un total de 10 delfines encallaron la ma\u00f1ana de este lunes en las playas de Boca del R\u00edo, siete de ellos pudieron ser regresados al mar por ciudadanos y elementos de la Polic\u00eda Municipal, pero tres de ellos perdieron la vida en el lugar. El presidente municipal, Humberto Alonso Morelli, se [&hellip;]<\/p>\n","protected":false},"author":1,"featured_media":21418,"comment_status":"open","ping_status":"open","sticky":false,"template":"","format":"standard","meta":{"_jetpack_memberships_contains_paid_content":false,"footnotes":""},"categories":[2],"tags":[],"class_list":["post-21417","post","type-post","status-publish","format-standard","has-post-thumbnail","hentry","category-estado"],"jetpack_featured_media_url":"https:\/\/encuentroinformativo.com.mx\/wp-content\/uploads\/2021\/12\/FC59C1D8-BE90-4FA4-983B-1FCDB9A644D3.jpeg","jetpack_sharing_enabled":true,"jetpack_likes_enabled":true,"amp_enabled":true,"_links":{"self":[{"href":"https:\/\/encuentroinformativo.com.mx\/index.php?rest_route=\/wp\/v2\/posts\/21417","targetHints":{"allow":["GET"]}}],"collection":[{"href":"https:\/\/encuentroinformativo.com.mx\/index.php?rest_route=\/wp\/v2\/posts"}],"about":[{"href":"https:\/\/encuentroinformativo.com.mx\/index.php?rest_route=\/wp\/v2\/types\/post"}],"author":[{"embeddable":true,"href":"https:\/\/encuentroinformativo.com.mx\/index.php?rest_route=\/wp\/v2\/users\/1"}],"replies":[{"embeddable":true,"href":"https:\/\/encuentroinformativo.com.mx\/index.php?rest_route=%2Fwp%2Fv2%2Fcomments&post=21417"}],"version-history":[{"count":1,"href":"https:\/\/encuentroinformativo.com.mx\/index.php?rest_route=\/wp\/v2\/posts\/21417\/revisions"}],"predecessor-version":[{"id":21419,"href":"https:\/\/encuentroinformativo.com.mx\/index.php?rest_route=\/wp\/v2\/posts\/21417\/revisions\/21419"}],"wp:featuredmedia":[{"embeddable":true,"href":"https:\/\/encuentroinformativo.com.mx\/index.php?rest_route=\/wp\/v2\/media\/21418"}],"wp:attachment":[{"href":"https:\/\/encuentroinformativo.com.mx\/index.php?rest_route=%2Fwp%2Fv2%2Fmedia&parent=21417"}],"wp:term":[{"taxonomy":"category","embeddable":true,"href":"https:\/\/encuentroinformativo.com.mx\/index.php?rest_route=%2Fwp%2Fv2%2Fcategories&post=21417"},{"taxonomy":"post_tag","embeddable":true,"href":"https:\/\/encuentroinformativo.com.mx\/index.php?rest_route=%2Fwp%2Fv2%2Ftags&post=21417"}],"curies":[{"name":"wp","href":"https:\/\/api.w.org\/{rel}","templated":true}]}}