{"id":21427,"date":"2021-12-20T14:17:57","date_gmt":"2021-12-20T20:17:57","guid":{"rendered":"https:\/\/encuentroinformativo.com.mx\/?p=21427"},"modified":"2021-12-20T14:18:00","modified_gmt":"2021-12-20T20:18:00","slug":"instalan-arbol-del-dolor-en-zocalo-de-veracruz","status":"publish","type":"post","link":"https:\/\/encuentroinformativo.com.mx\/?p=21427","title":{"rendered":"Instalan \u2018\u00c1rbol del Dolor\u2019 en z\u00f3calo de Veracruz"},"content":{"rendered":"\n<p><strong>Alejandro \u00c1vila<\/strong><\/p>\n\n\n\n<p>Veracruz, Ver.- Como cada a\u00f1o, previo a la navidad, madres de personas desaparecidas colocaron en el z\u00f3calo de Veracruz el &#8220;\u00e1rbol del dolor&#8221;, mismo al que le pusieron esferas con el rostro de sus familiares.<\/p>\n\n\n\n<p>El Colectivo Solecito, fue quien implement\u00f3 este acto desde hace algunos a\u00f1os, pues se\u00f1alan han dejado de celebrar esta fecha pues a ellos les falta alguien.<\/p>\n\n\n\n<p>\u201cLe llamamos el \u00e1rbol del dolor, es triste y doloroso, porque en estas fechas no tenemos a nuestros hijos, hay muchas madres que buscan a sus hijos, se\u00f1oras a sus hermanos, esposos e hijas\u201d, dijo Mar\u00eda Antonia Bustos, quien busca desde hace 12 a\u00f1os a su hijo.<\/p>\n\n\n\n<p>Los familiares detallan que cada a\u00f1o es m\u00e1s complicado colocar esferas, pues un arbol no es suficiente para tantas personas que buscan.<\/p>\n\n\n\n<p>Este \u00e1rbol, se\u00f1alan, es una especie de presi\u00f3n a las autoridades a quienes les pidan haya avances en las investigaciones, pues unaa est\u00e1n &#8220;congeladas&#8221;.<\/p>\n\n\n\n<p>\u201cUn hijo es un hijo, sea lo que sea, siempre nos va a doler, aunque a veces uno est\u00e9 con un ratito de lucidez, pero nadie sabe lo que guarda el coraz\u00f3n, caminamos porque \u00e9l dej\u00f3 2 hijas chiquititas y ahorita van en bachillerato\u201d, insisti\u00f3.<\/p>\n\n\n\n<figure class=\"wp-block-image size-large\"><img loading=\"lazy\" decoding=\"async\" width=\"1024\" height=\"768\" src=\"https:\/\/encuentroinformativo.com.mx\/wp-content\/uploads\/2021\/12\/25AF5EBC-EC17-40EF-B8DF-CA42F2A247CF-1024x768.jpeg\" alt=\"\" class=\"wp-image-21429\" srcset=\"https:\/\/encuentroinformativo.com.mx\/wp-content\/uploads\/2021\/12\/25AF5EBC-EC17-40EF-B8DF-CA42F2A247CF-1024x768.jpeg 1024w, https:\/\/encuentroinformativo.com.mx\/wp-content\/uploads\/2021\/12\/25AF5EBC-EC17-40EF-B8DF-CA42F2A247CF-300x225.jpeg 300w, https:\/\/encuentroinformativo.com.mx\/wp-content\/uploads\/2021\/12\/25AF5EBC-EC17-40EF-B8DF-CA42F2A247CF-768x576.jpeg 768w, https:\/\/encuentroinformativo.com.mx\/wp-content\/uploads\/2021\/12\/25AF5EBC-EC17-40EF-B8DF-CA42F2A247CF.jpeg 1408w\" sizes=\"auto, (max-width: 1024px) 100vw, 1024px\" \/><\/figure>\n","protected":false},"excerpt":{"rendered":"<p>Alejandro \u00c1vila Veracruz, Ver.- Como cada a\u00f1o, previo a la navidad, madres de personas desaparecidas colocaron en el z\u00f3calo de Veracruz el &#8220;\u00e1rbol del dolor&#8221;, mismo al que le pusieron esferas con el rostro de sus familiares. El Colectivo Solecito, fue quien implement\u00f3 este acto desde hace algunos a\u00f1os, pues se\u00f1alan han dejado de celebrar [&hellip;]<\/p>\n","protected":false},"author":1,"featured_media":21428,"comment_status":"open","ping_status":"open","sticky":false,"template":"","format":"standard","meta":{"_jetpack_memberships_contains_paid_content":false,"footnotes":""},"categories":[2],"tags":[],"class_list":["post-21427","post","type-post","status-publish","format-standard","has-post-thumbnail","hentry","category-estado"],"jetpack_featured_media_url":"https:\/\/encuentroinformativo.com.mx\/wp-content\/uploads\/2021\/12\/E2C3BEC5-221B-4532-97F1-6ED5456DCE1D.jpeg","jetpack_sharing_enabled":true,"jetpack_likes_enabled":true,"amp_enabled":true,"_links":{"self":[{"href":"https:\/\/encuentroinformativo.com.mx\/index.php?rest_route=\/wp\/v2\/posts\/21427","targetHints":{"allow":["GET"]}}],"collection":[{"href":"https:\/\/encuentroinformativo.com.mx\/index.php?rest_route=\/wp\/v2\/posts"}],"about":[{"href":"https:\/\/encuentroinformativo.com.mx\/index.php?rest_route=\/wp\/v2\/types\/post"}],"author":[{"embeddable":true,"href":"https:\/\/encuentroinformativo.com.mx\/index.php?rest_route=\/wp\/v2\/users\/1"}],"replies":[{"embeddable":true,"href":"https:\/\/encuentroinformativo.com.mx\/index.php?rest_route=%2Fwp%2Fv2%2Fcomments&post=21427"}],"version-history":[{"count":1,"href":"https:\/\/encuentroinformativo.com.mx\/index.php?rest_route=\/wp\/v2\/posts\/21427\/revisions"}],"predecessor-version":[{"id":21430,"href":"https:\/\/encuentroinformativo.com.mx\/index.php?rest_route=\/wp\/v2\/posts\/21427\/revisions\/21430"}],"wp:featuredmedia":[{"embeddable":true,"href":"https:\/\/encuentroinformativo.com.mx\/index.php?rest_route=\/wp\/v2\/media\/21428"}],"wp:attachment":[{"href":"https:\/\/encuentroinformativo.com.mx\/index.php?rest_route=%2Fwp%2Fv2%2Fmedia&parent=21427"}],"wp:term":[{"taxonomy":"category","embeddable":true,"href":"https:\/\/encuentroinformativo.com.mx\/index.php?rest_route=%2Fwp%2Fv2%2Fcategories&post=21427"},{"taxonomy":"post_tag","embeddable":true,"href":"https:\/\/encuentroinformativo.com.mx\/index.php?rest_route=%2Fwp%2Fv2%2Ftags&post=21427"}],"curies":[{"name":"wp","href":"https:\/\/api.w.org\/{rel}","templated":true}]}}