{"id":21431,"date":"2021-12-20T14:26:11","date_gmt":"2021-12-20T20:26:11","guid":{"rendered":"https:\/\/encuentroinformativo.com.mx\/?p=21431"},"modified":"2021-12-20T14:26:42","modified_gmt":"2021-12-20T20:26:42","slug":"por-afectacion-a-manglares-protestan-pescadores-de-alvarado","status":"publish","type":"post","link":"https:\/\/encuentroinformativo.com.mx\/?p=21431","title":{"rendered":"Por afectaci\u00f3n a manglares, protestan pescadores de Alvarado"},"content":{"rendered":"\n<p><strong>Alejandro \u00c1vila<\/strong><\/p>\n\n\n\n<p>Alvarado, Ver.- Pescadores de Alvarado realizaron una marcha en la localidad de Mandinga, debido a las afectaciones que hay al medio ambiente producto de la tala en los manglares de la Riviera Veracruzana.<\/p>\n\n\n\n<p>Es por ello que las cooperativas pesqueras de Mandinga, Matosa Bienes o Servicios y Fraternidad Mandinga, exigen a las autoridades municipales, estatales y federales un alto al crecimiento de la mancha urbana.<\/p>\n\n\n\n<p>Abraham Portel \u00c1valos, agente municipal de la localidad de Mandinga y Matosa, acus\u00f3 que los manglares de la zona est\u00e1n siendo talados y rellenados, con la finalidad de crear nuevos fraccionamientos.<\/p>\n\n\n\n<p>Como ejemplo, puso el fraccionamiento Punta Tibur\u00f3n, mismo que est\u00e1 afectando un estanque de osti\u00f3n, ya que contin\u00faa rellenando espacios para ampliar su terreno y ya est\u00e1 a 100 metros del estanque.<\/p>\n\n\n\n<p>De todo esto, dijo el Agente Municipal, los m\u00e1s afectados son los pescadores, ya que los millonarios pagan permisos y les permiten da\u00f1ar el medio ambiente, mientras que si un pescador corta una ramita de mangle es llevado a la c\u00e1rcel.<\/p>\n\n\n\n<p>&#8220;El millonario hace y deshace&#8221;, sentenci\u00f3.<\/p>\n","protected":false},"excerpt":{"rendered":"<p>Alejandro \u00c1vila Alvarado, Ver.- Pescadores de Alvarado realizaron una marcha en la localidad de Mandinga, debido a las afectaciones que hay al medio ambiente producto de la tala en los manglares de la Riviera Veracruzana. Es por ello que las cooperativas pesqueras de Mandinga, Matosa Bienes o Servicios y Fraternidad Mandinga, exigen a las autoridades [&hellip;]<\/p>\n","protected":false},"author":1,"featured_media":21432,"comment_status":"open","ping_status":"open","sticky":false,"template":"","format":"standard","meta":{"_jetpack_memberships_contains_paid_content":false,"footnotes":""},"categories":[2],"tags":[],"class_list":["post-21431","post","type-post","status-publish","format-standard","has-post-thumbnail","hentry","category-estado"],"jetpack_featured_media_url":"https:\/\/encuentroinformativo.com.mx\/wp-content\/uploads\/2021\/12\/10DCC2EF-A174-494A-8B88-7B031D16174F.jpeg","jetpack_sharing_enabled":true,"jetpack_likes_enabled":true,"amp_enabled":true,"_links":{"self":[{"href":"https:\/\/encuentroinformativo.com.mx\/index.php?rest_route=\/wp\/v2\/posts\/21431","targetHints":{"allow":["GET"]}}],"collection":[{"href":"https:\/\/encuentroinformativo.com.mx\/index.php?rest_route=\/wp\/v2\/posts"}],"about":[{"href":"https:\/\/encuentroinformativo.com.mx\/index.php?rest_route=\/wp\/v2\/types\/post"}],"author":[{"embeddable":true,"href":"https:\/\/encuentroinformativo.com.mx\/index.php?rest_route=\/wp\/v2\/users\/1"}],"replies":[{"embeddable":true,"href":"https:\/\/encuentroinformativo.com.mx\/index.php?rest_route=%2Fwp%2Fv2%2Fcomments&post=21431"}],"version-history":[{"count":1,"href":"https:\/\/encuentroinformativo.com.mx\/index.php?rest_route=\/wp\/v2\/posts\/21431\/revisions"}],"predecessor-version":[{"id":21433,"href":"https:\/\/encuentroinformativo.com.mx\/index.php?rest_route=\/wp\/v2\/posts\/21431\/revisions\/21433"}],"wp:featuredmedia":[{"embeddable":true,"href":"https:\/\/encuentroinformativo.com.mx\/index.php?rest_route=\/wp\/v2\/media\/21432"}],"wp:attachment":[{"href":"https:\/\/encuentroinformativo.com.mx\/index.php?rest_route=%2Fwp%2Fv2%2Fmedia&parent=21431"}],"wp:term":[{"taxonomy":"category","embeddable":true,"href":"https:\/\/encuentroinformativo.com.mx\/index.php?rest_route=%2Fwp%2Fv2%2Fcategories&post=21431"},{"taxonomy":"post_tag","embeddable":true,"href":"https:\/\/encuentroinformativo.com.mx\/index.php?rest_route=%2Fwp%2Fv2%2Ftags&post=21431"}],"curies":[{"name":"wp","href":"https:\/\/api.w.org\/{rel}","templated":true}]}}