{"id":21434,"date":"2021-12-20T14:48:05","date_gmt":"2021-12-20T20:48:05","guid":{"rendered":"https:\/\/encuentroinformativo.com.mx\/?p=21434"},"modified":"2021-12-20T14:48:08","modified_gmt":"2021-12-20T20:48:08","slug":"sera-regulado-ambulantaje-en-coatepec-raymundo-andrade","status":"publish","type":"post","link":"https:\/\/encuentroinformativo.com.mx\/?p=21434","title":{"rendered":"Ser\u00e1 regulado ambulantaje en Coatepec: Raymundo Andrade"},"content":{"rendered":"\n<p><strong>Juan Arcos<\/strong><\/p>\n\n\n\n<p>Xalapa, Ver.- En el municipio de Coatepec se llevar\u00e1n a cabo acciones para regular el ambulantaje en el Centro Hist\u00f3rico y as\u00ed conservar el nombramiento de Pueblo M\u00e1gico.<\/p>\n\n\n\n<p>El alcalde electo de Coatepec, Raymundo Andrade Rivera, indic\u00f3 que se buscar\u00e1 el di\u00e1logo con los l\u00edderes de los comerciantes para llegar a un acuerdo que beneficie a ambas partes.<\/p>\n\n\n\n<p>\u201cNosotros tenemos el nombramiento de Pueblo M\u00e1gico y tenemos que ir respetando los lineamientos que nos marca para no perder este nombramiento\u201d, expres\u00f3.<\/p>\n\n\n\n<p>El edil electo mencion\u00f3 que su gobierno, mismo que asumir\u00e1 el pr\u00f3ximo 1 de enero, privilegiar\u00e1 el di\u00e1logo y los acuerdos con las organizaciones de vendedores informales.<\/p>\n\n\n\n<p>\u201cTenemos que platicar, tenemos que acordar con los vendedores, que est\u00e1n ahorita en este momento. No hemos platicado; sin embargo, lo vamos a hacer, porque es muy importante tener acuerdos\u201d.<\/p>\n\n\n\n<p>Andrade Rivera record\u00f3 que una de sus propuestas es garantizar una buena imagen para el Pueblo M\u00e1gico, situaci\u00f3n que se ha descuidado durante administraciones pasadas.<\/p>\n\n\n\n<p>En las inmediaciones del mercado \u201cMiguel Rebolledo\u201d se colocan vendedores de frutas y verduras, as\u00ed como de art\u00edculos de temporada en espacios p\u00fablicos, como las banquetas.<\/p>\n\n\n\n<p>Esto ocurre a pocos metros del Palacio Municipal, donde la actividad comercial informal baj\u00f3 durante la pandemia del SARS-COV-2 (COVID-19), pues se hicieron operativos para retirarlos del lugar y as\u00ed garantizar las medidas sanitarias.<\/p>\n\n\n\n<p>Adem\u00e1s, est\u00e1 pendiente el tema de los comerciantes semifijos del parque \u201cMiguel Hidalgo\u201d, a quienes se les ha negado su reinstalaci\u00f3n en el sitio por falta de acuerdos.<\/p>\n","protected":false},"excerpt":{"rendered":"<p>Juan Arcos Xalapa, Ver.- En el municipio de Coatepec se llevar\u00e1n a cabo acciones para regular el ambulantaje en el Centro Hist\u00f3rico y as\u00ed conservar el nombramiento de Pueblo M\u00e1gico. El alcalde electo de Coatepec, Raymundo Andrade Rivera, indic\u00f3 que se buscar\u00e1 el di\u00e1logo con los l\u00edderes de los comerciantes para llegar a un acuerdo [&hellip;]<\/p>\n","protected":false},"author":1,"featured_media":21435,"comment_status":"open","ping_status":"open","sticky":false,"template":"","format":"standard","meta":{"_jetpack_memberships_contains_paid_content":false,"footnotes":""},"categories":[8],"tags":[],"class_list":["post-21434","post","type-post","status-publish","format-standard","has-post-thumbnail","hentry","category-region"],"jetpack_featured_media_url":"https:\/\/encuentroinformativo.com.mx\/wp-content\/uploads\/2021\/12\/4258AA86-7AF3-4E7A-9F14-533F081DF565.jpeg","jetpack_sharing_enabled":true,"jetpack_likes_enabled":true,"amp_enabled":true,"_links":{"self":[{"href":"https:\/\/encuentroinformativo.com.mx\/index.php?rest_route=\/wp\/v2\/posts\/21434","targetHints":{"allow":["GET"]}}],"collection":[{"href":"https:\/\/encuentroinformativo.com.mx\/index.php?rest_route=\/wp\/v2\/posts"}],"about":[{"href":"https:\/\/encuentroinformativo.com.mx\/index.php?rest_route=\/wp\/v2\/types\/post"}],"author":[{"embeddable":true,"href":"https:\/\/encuentroinformativo.com.mx\/index.php?rest_route=\/wp\/v2\/users\/1"}],"replies":[{"embeddable":true,"href":"https:\/\/encuentroinformativo.com.mx\/index.php?rest_route=%2Fwp%2Fv2%2Fcomments&post=21434"}],"version-history":[{"count":1,"href":"https:\/\/encuentroinformativo.com.mx\/index.php?rest_route=\/wp\/v2\/posts\/21434\/revisions"}],"predecessor-version":[{"id":21436,"href":"https:\/\/encuentroinformativo.com.mx\/index.php?rest_route=\/wp\/v2\/posts\/21434\/revisions\/21436"}],"wp:featuredmedia":[{"embeddable":true,"href":"https:\/\/encuentroinformativo.com.mx\/index.php?rest_route=\/wp\/v2\/media\/21435"}],"wp:attachment":[{"href":"https:\/\/encuentroinformativo.com.mx\/index.php?rest_route=%2Fwp%2Fv2%2Fmedia&parent=21434"}],"wp:term":[{"taxonomy":"category","embeddable":true,"href":"https:\/\/encuentroinformativo.com.mx\/index.php?rest_route=%2Fwp%2Fv2%2Fcategories&post=21434"},{"taxonomy":"post_tag","embeddable":true,"href":"https:\/\/encuentroinformativo.com.mx\/index.php?rest_route=%2Fwp%2Fv2%2Ftags&post=21434"}],"curies":[{"name":"wp","href":"https:\/\/api.w.org\/{rel}","templated":true}]}}