{"id":21443,"date":"2021-12-20T16:31:12","date_gmt":"2021-12-20T22:31:12","guid":{"rendered":"https:\/\/encuentroinformativo.com.mx\/?p=21443"},"modified":"2021-12-20T16:31:15","modified_gmt":"2021-12-20T22:31:15","slug":"fortaleza-de-san-carlos-en-el-abandono-arquitectos","status":"publish","type":"post","link":"https:\/\/encuentroinformativo.com.mx\/?p=21443","title":{"rendered":"Fortaleza de San Carlos, en el abandono: Arquitectos"},"content":{"rendered":"\n<p><strong>Dar\u00edo Pale <\/strong><\/p>\n\n\n\n<p>Xalapa, Ver.- La actual administraci\u00f3n municipal de Perote dej\u00f3 en el olvido la Fortaleza de San Carlos ya que prefiri\u00f3 utilizarla como bodega, despu\u00e9s de haberla obtenido en comodato, as\u00ed lo inform\u00f3 el arquitecto Jorge P\u00e9rez Quintos maestro en restauraci\u00f3n de edificios arquitect\u00f3nicos.<\/p>\n\n\n\n<p>En entrevista lament\u00f3 que hayan dejado en el olvido la Fortaleza,\u00a0el tambi\u00e9n integrante del Patronato de la Real Fortaleza de San Carlos, afirm\u00f3 que ha habido falta de voluntad pol\u00edtica para atender este espacio.<\/p>\n\n\n\n<p>\u201cLa Fortaleza de San Carlos, con todo y los deterioros que tiene, que son varios; desgraciadamente en los \u00faltimos cuatro a\u00f1os no se le ha hecho nada, y aprovechando que ya legalmente el comodato est\u00e1 a nombre del Ayuntamiento de Perote, este podr\u00eda, de sus propios recursos, invertir en ese mantenimiento\u201d, se\u00f1al\u00f3.<\/p>\n\n\n\n<p>Asegur\u00f3 que lo que este espacio necesita es ser abierto y difundir su riqueza; realizar actividades al interior y haber de todo lo que significa este fuerte, ubicado en el Estado, ya que el deterioro es a causa del abandono,\u00a0\u201clo que necesita realmente la Fortaleza es abrirse nuevamente, es abrirse al p\u00fablico, porque mira (\u2026) nosotros visitamos unas ruinas, por ejemplo en Roma, y visitamos ruinas&#8221;.<\/p>\n\n\n\n<p>&#8220;Nosotros como especialistas en los recorridos dentro del edificio, podemos hacerte un recorrido al exterior de la Fortaleza con el cual te vas a ir con un sabor de boca muy agradable\u201d, coment\u00f3.<\/p>\n\n\n\n<p>Se\u00f1al\u00f3 que hace cuatro a\u00f1os que esta edificaci\u00f3n no recibe ninguna atenci\u00f3n y que no se toma en cuenta, mientras que anteriormente se hicieron eventos como los vuelos en globo aerost\u00e1tico, por lo\u00a0que actualmente para dar apoyo a este lugar no se necesita recurso econ\u00f3mico si no un programa para dar realce a la pieza y generar turismo, teniendo sus propios ingresos y mantenerse b\u00e1sicamente sola.<\/p>\n\n\n\n<p>\u201cHay al menos tres proyectos, entre ellos una tesis de maestr\u00eda, en las que propone por ejemplo el archivo hist\u00f3rico de Veracruz o de algunos municipios, eso te dar\u00eda oportunidad de que un espacio est\u00e9 totalmente en uso sufragar gastos\u201d, explic\u00f3.<\/p>\n\n\n\n<p>Sobre si ya ha habido acercamiento con la administraci\u00f3n municipal actual, se\u00f1al\u00f3 que no lo ha habido y que tampoco se sabe si hay alguna propuesta para este.<\/p>\n\n\n\n<p>Finalmente cabe recordar que durante las elecciones municipales fue evidenciado por los representantes de MORENA en el OPLE e INE sobre la aparici\u00f3n de despensas que fueron encontradas al interior del lugar, que presuntamente eran armadas por la administraci\u00f3n priista de Hervert Prado, para el alcalde electo Delfino Ortega, de la misma extracci\u00f3n, por lo que se presume el uso que se siga dando a un espacio con tanta relevancia, sea de bodega.<\/p>\n","protected":false},"excerpt":{"rendered":"<p>Dar\u00edo Pale Xalapa, Ver.- La actual administraci\u00f3n municipal de Perote dej\u00f3 en el olvido la Fortaleza de San Carlos ya que prefiri\u00f3 utilizarla como bodega, despu\u00e9s de haberla obtenido en comodato, as\u00ed lo inform\u00f3 el arquitecto Jorge P\u00e9rez Quintos maestro en restauraci\u00f3n de edificios arquitect\u00f3nicos. En entrevista lament\u00f3 que hayan dejado en el olvido la [&hellip;]<\/p>\n","protected":false},"author":1,"featured_media":21444,"comment_status":"open","ping_status":"open","sticky":false,"template":"","format":"standard","meta":{"_jetpack_memberships_contains_paid_content":false,"footnotes":""},"categories":[8],"tags":[],"class_list":["post-21443","post","type-post","status-publish","format-standard","has-post-thumbnail","hentry","category-region"],"jetpack_featured_media_url":"https:\/\/encuentroinformativo.com.mx\/wp-content\/uploads\/2021\/12\/1FA13F5E-E2C7-40C7-A8A8-299C05EFF617.jpeg","jetpack_sharing_enabled":true,"jetpack_likes_enabled":true,"amp_enabled":true,"_links":{"self":[{"href":"https:\/\/encuentroinformativo.com.mx\/index.php?rest_route=\/wp\/v2\/posts\/21443","targetHints":{"allow":["GET"]}}],"collection":[{"href":"https:\/\/encuentroinformativo.com.mx\/index.php?rest_route=\/wp\/v2\/posts"}],"about":[{"href":"https:\/\/encuentroinformativo.com.mx\/index.php?rest_route=\/wp\/v2\/types\/post"}],"author":[{"embeddable":true,"href":"https:\/\/encuentroinformativo.com.mx\/index.php?rest_route=\/wp\/v2\/users\/1"}],"replies":[{"embeddable":true,"href":"https:\/\/encuentroinformativo.com.mx\/index.php?rest_route=%2Fwp%2Fv2%2Fcomments&post=21443"}],"version-history":[{"count":1,"href":"https:\/\/encuentroinformativo.com.mx\/index.php?rest_route=\/wp\/v2\/posts\/21443\/revisions"}],"predecessor-version":[{"id":21445,"href":"https:\/\/encuentroinformativo.com.mx\/index.php?rest_route=\/wp\/v2\/posts\/21443\/revisions\/21445"}],"wp:featuredmedia":[{"embeddable":true,"href":"https:\/\/encuentroinformativo.com.mx\/index.php?rest_route=\/wp\/v2\/media\/21444"}],"wp:attachment":[{"href":"https:\/\/encuentroinformativo.com.mx\/index.php?rest_route=%2Fwp%2Fv2%2Fmedia&parent=21443"}],"wp:term":[{"taxonomy":"category","embeddable":true,"href":"https:\/\/encuentroinformativo.com.mx\/index.php?rest_route=%2Fwp%2Fv2%2Fcategories&post=21443"},{"taxonomy":"post_tag","embeddable":true,"href":"https:\/\/encuentroinformativo.com.mx\/index.php?rest_route=%2Fwp%2Fv2%2Ftags&post=21443"}],"curies":[{"name":"wp","href":"https:\/\/api.w.org\/{rel}","templated":true}]}}