{"id":21446,"date":"2021-12-20T17:05:17","date_gmt":"2021-12-20T23:05:17","guid":{"rendered":"https:\/\/encuentroinformativo.com.mx\/?p=21446"},"modified":"2021-12-20T17:05:19","modified_gmt":"2021-12-20T23:05:19","slug":"ratifica-sala-regional-triunfo-de-paty-lobeira","status":"publish","type":"post","link":"https:\/\/encuentroinformativo.com.mx\/?p=21446","title":{"rendered":"Ratifica Sala Regional triunfo de Paty Lobeira"},"content":{"rendered":"\n<p><strong>Juan Arcos<\/strong><\/p>\n\n\n\n<p>Xalapa, Ver.- La Sala Regional Xalapa del Tribunal Electoral del Poder Judicial de la Federaci\u00f3n (TEPJF) ratific\u00f3 el triunfo de Patricia Lobeira Rodr\u00edguez como presidenta municipal electa del puerto de Veracruz.<\/p>\n\n\n\n<p>En sesi\u00f3n virtual, celebrada la tarde de este lunes 20 de diciembre, los magistrados determinaron por unanimidad que la candidata de la alianza \u201cVeracruz Va\u201d, conformada por el Partido Revolucionario Institucional (PRI), Partido de la Revoluci\u00f3n Democr\u00e1tica (PRD) y el Partido Acci\u00f3n Nacional (PAN), conservara la constancia de mayor\u00eda que le hab\u00eda sido otorgada por el Organismo P\u00fablico Local Electoral (OPLE).<\/p>\n\n\n\n<p>La autoridad judicial revoc\u00f3 la decisi\u00f3n del Tribunal Electoral de Veracruz (TEV), mismo que, en d\u00edas pasados, declar\u00f3 la nulidad de la elecci\u00f3n en el municipio de Veracruz para que le fuese retirada la constancia de mayor\u00eda a la esposa de Miguel \u00c1ngel Yunes M\u00e1rquez, hijo del exgobernador Miguel \u00c1ngel Yunes Linares, y as\u00ed celebrar una elecci\u00f3n extraordinaria en 2022.<\/p>\n\n\n\n<p>El magistrado presidente de la Sala Regional Xalapa del TEPJF, Enrique Figueroa \u00c1vila, se\u00f1al\u00f3 que el TEV dio validez a pruebas que no son permitidas por la ley, ni se ajustan a derecho.<\/p>\n\n\n\n<p>Adem\u00e1s, consider\u00f3 que es \u201cinexacta\u201d la solicitud que tramit\u00f3 el Movimiento de Regeneraci\u00f3n Nacional (Morena) para sancionar a la mujer panista.<\/p>\n\n\n\n<p>\u201cSe considera que el Tribunal Electoral de Veracruz (TEV) aplic\u00f3 incorrectamente, al caso particular, la prueba contextual porque de acuerdo con la l\u00ednea jurisprudencial, es claro que la determinaci\u00f3n del contexto atiende a hechos p\u00fablicos conocidos y no sobre hechos que son objeto de controversia sobre los que indebidamente el TEV aplic\u00f3 la prueba contextual\u201d, expres\u00f3.<\/p>\n\n\n\n<p>Por su parte, la magistrada Eva Barrientos Zepeda indic\u00f3 que el supuesto audio del actual alcalde del puerto de Veracruz, Fernando Yunes M\u00e1rquez, donde presuntamente hac\u00eda el llamado para votar a favor de su compa\u00f1era panista y cu\u00f1ada, no estaba anexado desde un inicio de su alegato.<\/p>\n\n\n\n<p>Tampoco se acredit\u00f3 que el presidente del Consejo Municipal del OPLE en el puerto de Veracruz, Roberto Castillo Guti\u00e9rrez, haya cometido irregularidades para favorecer a Lobeira Rodr\u00edguez o que ella hubiese rebasado el tope de gastos de campa\u00f1a, pues as\u00ed lo determin\u00f3 el Instituto Nacional Electoral (INE) tras una nueva fiscalizaci\u00f3n.<\/p>\n\n\n\n<p>El pasado 8 de diciembre, el Tribunal Electoral de Veracruz anul\u00f3 la elecci\u00f3n a la Presidencia Municipal de Veracruz, dejando sin validez la constancia de mayor\u00eda que entreg\u00f3 el OPLE y daba el triunfo a la panista Patricia Lobeira Rodr\u00edguez.<\/p>\n\n\n\n<p>Sin embargo, tras la resoluci\u00f3n de la Sala Regional Xalapa, Paty Lobeira podr\u00eda rendir protesta como presidenta municipal de Veracruz, el pr\u00f3ximo 1 de enero de 2022.\u00a0<br>Por su parte, el candidato de Morena, Ricardo Exsome Zapata, declar\u00f3 que respeta la decisi\u00f3n de la Sala Regional, pero no la comparte y, por ello, esperar\u00e1 el fallo definitivo que emita la Sala Superior del Tribunal Electoral del Poder Judicial de la Federaci\u00f3n.<\/p>\n","protected":false},"excerpt":{"rendered":"<p>Juan Arcos Xalapa, Ver.- La Sala Regional Xalapa del Tribunal Electoral del Poder Judicial de la Federaci\u00f3n (TEPJF) ratific\u00f3 el triunfo de Patricia Lobeira Rodr\u00edguez como presidenta municipal electa del puerto de Veracruz. En sesi\u00f3n virtual, celebrada la tarde de este lunes 20 de diciembre, los magistrados determinaron por unanimidad que la candidata de la [&hellip;]<\/p>\n","protected":false},"author":1,"featured_media":21447,"comment_status":"open","ping_status":"open","sticky":false,"template":"","format":"standard","meta":{"_jetpack_memberships_contains_paid_content":false,"footnotes":""},"categories":[2],"tags":[],"class_list":["post-21446","post","type-post","status-publish","format-standard","has-post-thumbnail","hentry","category-estado"],"jetpack_featured_media_url":"https:\/\/encuentroinformativo.com.mx\/wp-content\/uploads\/2021\/12\/B787DE2E-7141-47FB-B74E-DC5930DEC229.jpeg","jetpack_sharing_enabled":true,"jetpack_likes_enabled":true,"amp_enabled":true,"_links":{"self":[{"href":"https:\/\/encuentroinformativo.com.mx\/index.php?rest_route=\/wp\/v2\/posts\/21446","targetHints":{"allow":["GET"]}}],"collection":[{"href":"https:\/\/encuentroinformativo.com.mx\/index.php?rest_route=\/wp\/v2\/posts"}],"about":[{"href":"https:\/\/encuentroinformativo.com.mx\/index.php?rest_route=\/wp\/v2\/types\/post"}],"author":[{"embeddable":true,"href":"https:\/\/encuentroinformativo.com.mx\/index.php?rest_route=\/wp\/v2\/users\/1"}],"replies":[{"embeddable":true,"href":"https:\/\/encuentroinformativo.com.mx\/index.php?rest_route=%2Fwp%2Fv2%2Fcomments&post=21446"}],"version-history":[{"count":1,"href":"https:\/\/encuentroinformativo.com.mx\/index.php?rest_route=\/wp\/v2\/posts\/21446\/revisions"}],"predecessor-version":[{"id":21448,"href":"https:\/\/encuentroinformativo.com.mx\/index.php?rest_route=\/wp\/v2\/posts\/21446\/revisions\/21448"}],"wp:featuredmedia":[{"embeddable":true,"href":"https:\/\/encuentroinformativo.com.mx\/index.php?rest_route=\/wp\/v2\/media\/21447"}],"wp:attachment":[{"href":"https:\/\/encuentroinformativo.com.mx\/index.php?rest_route=%2Fwp%2Fv2%2Fmedia&parent=21446"}],"wp:term":[{"taxonomy":"category","embeddable":true,"href":"https:\/\/encuentroinformativo.com.mx\/index.php?rest_route=%2Fwp%2Fv2%2Fcategories&post=21446"},{"taxonomy":"post_tag","embeddable":true,"href":"https:\/\/encuentroinformativo.com.mx\/index.php?rest_route=%2Fwp%2Fv2%2Ftags&post=21446"}],"curies":[{"name":"wp","href":"https:\/\/api.w.org\/{rel}","templated":true}]}}