{"id":2145,"date":"2020-04-27T14:31:33","date_gmt":"2020-04-27T19:31:33","guid":{"rendered":"https:\/\/encuentroinformativo.com\/?p=2145"},"modified":"2020-04-27T14:31:35","modified_gmt":"2020-04-27T19:31:35","slug":"don-vicente-sin-empleo-y-sin-poder-acceder-a-programas-sociales","status":"publish","type":"post","link":"https:\/\/encuentroinformativo.com.mx\/?p=2145","title":{"rendered":"Don Vicente, sin empleo y sin poder acceder a programas sociales"},"content":{"rendered":"\n<p><strong>Juan Arcos<\/strong> <\/p>\n\n\n\n<p>Xalapa, Ver.- Vicente S\u00e1nchez, de 58 a\u00f1os, protest\u00f3 frente a Palacio de Gobierno para solicitar un apoyo a las autoridades, debido a que se ha quedando sin empleo y sin recursos econ\u00f3micos durante la contingencia sanitaria por el coronavirus.<\/p>\n\n\n\n<p>El se\u00f1or coloc\u00f3 un peque\u00f1o stand sobre Plaza Sebasti\u00e1n Lerdo de Tejada, donde tambi\u00e9n se observaba una bandera mexicana y una cartulina con el mensaje: \u201cay\u00fadame con cualquier alimento o moneda. Gracias\u201d.<\/p>\n\n\n\n<p>El entrevistado mencion\u00f3 que es vecino de la colonia \u201cEl Porvenir\u201d y que no ha podido acceder a ning\u00fan programa de asistencia social del gobierno, debido a que su edad no lo permite.<\/p>\n\n\n\n<p>A\u00f1adi\u00f3 que le han negado apoyos en el gobierno federal, debido a que su casa no tiene piso de tierra.<\/p>\n\n\n\n<p>\u201cHoy no entr\u00f3 a ning\u00fan programa de asistencia social, porque se me ocurri\u00f3 cambiar el piso de tierra de mi casa por uno de concreto y una casa un poquito m\u00e1s decente. No cumplo los 68 a\u00f1os que marca la ley para que el gobierno le mantenga y tampoco tenga edad para seguir laborando. He sido desempleado durante la cuarentena\u201d.<\/p>\n\n\n\n<p>Vicente S\u00e1nchez tambi\u00e9n vende chicles en la plaza p\u00fablica para ayudarse los d\u00edas que faltan de resguardo.<\/p>\n\n\n\n<p>Adem\u00e1s, solicit\u00f3 al gobierno federal que apoye a personas de escasos recursos, pero no con tr\u00e1mites en internet, pues mucha gente carece de las herramientas tecnol\u00f3gicas para ello.<\/p>\n\n\n\n<p>\u201cNi por n\u00fameros de tel\u00e9fonos que nunca contestan como en el caso del DIF en donde nos indican que tome el n\u00famero y que despu\u00e9s nos atender\u00edan, pero hasta ahora nadie nos hace caso\u201d, enfatiz\u00f3.<\/p>\n\n\n\n<p><\/p>\n","protected":false},"excerpt":{"rendered":"<p>Juan Arcos Xalapa, Ver.- Vicente S\u00e1nchez, de 58 a\u00f1os, protest\u00f3 frente a Palacio de Gobierno para solicitar un apoyo a las autoridades, debido a que se ha quedando sin empleo y sin recursos econ\u00f3micos durante la contingencia sanitaria por el coronavirus. El se\u00f1or coloc\u00f3 un peque\u00f1o stand sobre Plaza Sebasti\u00e1n Lerdo de Tejada, donde tambi\u00e9n [&hellip;]<\/p>\n","protected":false},"author":1,"featured_media":2146,"comment_status":"open","ping_status":"open","sticky":false,"template":"","format":"standard","meta":{"_jetpack_memberships_contains_paid_content":false,"footnotes":""},"categories":[3],"tags":[],"class_list":["post-2145","post","type-post","status-publish","format-standard","has-post-thumbnail","hentry","category-xalapa"],"jetpack_featured_media_url":"https:\/\/encuentroinformativo.com.mx\/wp-content\/uploads\/2020\/04\/423139BB-C971-4A46-8C8E-6E30DF6492DB.jpeg","jetpack_sharing_enabled":true,"jetpack_likes_enabled":true,"amp_enabled":true,"_links":{"self":[{"href":"https:\/\/encuentroinformativo.com.mx\/index.php?rest_route=\/wp\/v2\/posts\/2145","targetHints":{"allow":["GET"]}}],"collection":[{"href":"https:\/\/encuentroinformativo.com.mx\/index.php?rest_route=\/wp\/v2\/posts"}],"about":[{"href":"https:\/\/encuentroinformativo.com.mx\/index.php?rest_route=\/wp\/v2\/types\/post"}],"author":[{"embeddable":true,"href":"https:\/\/encuentroinformativo.com.mx\/index.php?rest_route=\/wp\/v2\/users\/1"}],"replies":[{"embeddable":true,"href":"https:\/\/encuentroinformativo.com.mx\/index.php?rest_route=%2Fwp%2Fv2%2Fcomments&post=2145"}],"version-history":[{"count":1,"href":"https:\/\/encuentroinformativo.com.mx\/index.php?rest_route=\/wp\/v2\/posts\/2145\/revisions"}],"predecessor-version":[{"id":2147,"href":"https:\/\/encuentroinformativo.com.mx\/index.php?rest_route=\/wp\/v2\/posts\/2145\/revisions\/2147"}],"wp:featuredmedia":[{"embeddable":true,"href":"https:\/\/encuentroinformativo.com.mx\/index.php?rest_route=\/wp\/v2\/media\/2146"}],"wp:attachment":[{"href":"https:\/\/encuentroinformativo.com.mx\/index.php?rest_route=%2Fwp%2Fv2%2Fmedia&parent=2145"}],"wp:term":[{"taxonomy":"category","embeddable":true,"href":"https:\/\/encuentroinformativo.com.mx\/index.php?rest_route=%2Fwp%2Fv2%2Fcategories&post=2145"},{"taxonomy":"post_tag","embeddable":true,"href":"https:\/\/encuentroinformativo.com.mx\/index.php?rest_route=%2Fwp%2Fv2%2Ftags&post=2145"}],"curies":[{"name":"wp","href":"https:\/\/api.w.org\/{rel}","templated":true}]}}