{"id":21452,"date":"2021-12-21T09:36:58","date_gmt":"2021-12-21T15:36:58","guid":{"rendered":"https:\/\/encuentroinformativo.com.mx\/?p=21452"},"modified":"2021-12-21T09:37:03","modified_gmt":"2021-12-21T15:37:03","slug":"gana-planilla-de-tito-n-dirigencia-estatal-del-pan","status":"publish","type":"post","link":"https:\/\/encuentroinformativo.com.mx\/?p=21452","title":{"rendered":"Gana planilla de Tito \u201cN\u201d, dirigencia estatal del PAN"},"content":{"rendered":"\n<p><strong>Juan Arcos<\/strong><\/p>\n\n\n\n<p>Xalapa, Ver.- La planilla de Tito Delf\u00edn Cano, quien est\u00e1 preso desde finales de noviembre, gan\u00f3 la contienda interna para la renovaci\u00f3n de la dirigencia estatal del Partido Acci\u00f3n Nacional (PAN) en Veracruz.<\/p>\n\n\n\n<p>La madrugada de este martes 21 de diciembre, Federico Salom\u00f3n Molina, en sustituci\u00f3n de Cano Delf\u00edn, recibi\u00f3 la constancia de mayor\u00eda por parte de la Comisi\u00f3n Estatal Organizadora.<\/p>\n\n\n\n<p>Se trata de una diferencia de 589 votos que dieron el triunfo al equipo pol\u00edtico del exalcalde de Tierra Blanca, detenido el pasado 27 de noviembre por su probable responsabilidad en los delitos de abuso de autoridad, incumplimiento de un deber legal y fraude.<\/p>\n\n\n\n<p>El acta de c\u00f3mputo estatal fue emitida a las tres de la madrugada con un minuto en las instalaciones de la Comisi\u00f3n Estatal Organizadora.<\/p>\n\n\n\n<p>Los integrantes de esta comisi\u00f3n concluyeron el c\u00f3mputo estatal donde se muestra que Salom\u00f3n Molina obtuvo 9 mil 034 votos, mientras que Joaqu\u00edn Guzm\u00e1n Avil\u00e9s 8 mil 445.<\/p>\n\n\n\n<p>Cabe mencionar que tras la jornada interna del pasado domingo 19 de diciembre, se reportaron 275 votos nulos y una votaci\u00f3n total de 17 mil 754 militantes panistas.Federico gan\u00f3 en 24 de 30 distritos locales, como Coatzacoalcos, Minatitl\u00e1n, Veracruz, Poza Rica, Boca del R\u00edo, Orizaba y \u00c1lamo Temapache.<\/p>\n\n\n\n<p><strong>PERFIL\u00a0<\/strong><br>La planilla de Tito Delf\u00edn tambi\u00e9n incluye a la senadora con licencia Indira Rosales San Rom\u00e1n, como secretaria general, y a Alicia Lara, Ren\u00e9 Meseguer Elizondo, Ana Ledezma, Mar\u00eda de Jes\u00fas Mart\u00ednez, Ricardo Serna y Gabriel \u00c1lvarez, como integrantes.<\/p>\n\n\n\n<p>Federico Salom\u00f3n ser\u00e1 el pr\u00f3ximo dirigente estatal de este partido y pertenece al grupo pol\u00edtico del actual diputado local del PAN, Enrique Cambranis Torres.<\/p>\n\n\n\n<p>Tambi\u00e9n fue diputado local en la sexag\u00e9sima primera Legislatura del estado de Veracruz.\u00a0<br>En la pasada legislatura fue suplente de Cambranis Torres y ocup\u00f3 la curul durante varias semanas del mes de mayo por cuestiones de salud del diputado en turno.<\/p>\n","protected":false},"excerpt":{"rendered":"<p>Juan Arcos Xalapa, Ver.- La planilla de Tito Delf\u00edn Cano, quien est\u00e1 preso desde finales de noviembre, gan\u00f3 la contienda interna para la renovaci\u00f3n de la dirigencia estatal del Partido Acci\u00f3n Nacional (PAN) en Veracruz. La madrugada de este martes 21 de diciembre, Federico Salom\u00f3n Molina, en sustituci\u00f3n de Cano Delf\u00edn, recibi\u00f3 la constancia de [&hellip;]<\/p>\n","protected":false},"author":1,"featured_media":21453,"comment_status":"open","ping_status":"open","sticky":false,"template":"","format":"standard","meta":{"_jetpack_memberships_contains_paid_content":false,"footnotes":""},"categories":[2],"tags":[],"class_list":["post-21452","post","type-post","status-publish","format-standard","has-post-thumbnail","hentry","category-estado"],"jetpack_featured_media_url":"https:\/\/encuentroinformativo.com.mx\/wp-content\/uploads\/2021\/12\/8E242D8E-FEC5-4334-82F7-AD46F4768273.jpeg","jetpack_sharing_enabled":true,"jetpack_likes_enabled":true,"amp_enabled":true,"_links":{"self":[{"href":"https:\/\/encuentroinformativo.com.mx\/index.php?rest_route=\/wp\/v2\/posts\/21452","targetHints":{"allow":["GET"]}}],"collection":[{"href":"https:\/\/encuentroinformativo.com.mx\/index.php?rest_route=\/wp\/v2\/posts"}],"about":[{"href":"https:\/\/encuentroinformativo.com.mx\/index.php?rest_route=\/wp\/v2\/types\/post"}],"author":[{"embeddable":true,"href":"https:\/\/encuentroinformativo.com.mx\/index.php?rest_route=\/wp\/v2\/users\/1"}],"replies":[{"embeddable":true,"href":"https:\/\/encuentroinformativo.com.mx\/index.php?rest_route=%2Fwp%2Fv2%2Fcomments&post=21452"}],"version-history":[{"count":1,"href":"https:\/\/encuentroinformativo.com.mx\/index.php?rest_route=\/wp\/v2\/posts\/21452\/revisions"}],"predecessor-version":[{"id":21454,"href":"https:\/\/encuentroinformativo.com.mx\/index.php?rest_route=\/wp\/v2\/posts\/21452\/revisions\/21454"}],"wp:featuredmedia":[{"embeddable":true,"href":"https:\/\/encuentroinformativo.com.mx\/index.php?rest_route=\/wp\/v2\/media\/21453"}],"wp:attachment":[{"href":"https:\/\/encuentroinformativo.com.mx\/index.php?rest_route=%2Fwp%2Fv2%2Fmedia&parent=21452"}],"wp:term":[{"taxonomy":"category","embeddable":true,"href":"https:\/\/encuentroinformativo.com.mx\/index.php?rest_route=%2Fwp%2Fv2%2Fcategories&post=21452"},{"taxonomy":"post_tag","embeddable":true,"href":"https:\/\/encuentroinformativo.com.mx\/index.php?rest_route=%2Fwp%2Fv2%2Ftags&post=21452"}],"curies":[{"name":"wp","href":"https:\/\/api.w.org\/{rel}","templated":true}]}}