{"id":21458,"date":"2021-12-21T12:18:03","date_gmt":"2021-12-21T18:18:03","guid":{"rendered":"https:\/\/encuentroinformativo.com.mx\/?p=21458"},"modified":"2021-12-21T12:18:06","modified_gmt":"2021-12-21T18:18:06","slug":"anuncian-autoridades-nuevo-emplacamiento-en-veracruz","status":"publish","type":"post","link":"https:\/\/encuentroinformativo.com.mx\/?p=21458","title":{"rendered":"Anuncian autoridades nuevo emplacamiento en Veracruz"},"content":{"rendered":"\n<p><strong>Dar\u00edo Pale<\/strong><\/p>\n\n\n\n<p>Xalapa, Ver.- El gobernador del estado Cuitl\u00e1huac Garc\u00eda Jim\u00e9nez y el Secretario de Finanzas Jos\u00e9 Luis Lima Franco, anunciaron un nuevo emplacamiento, dar\u00e1n las placas gratis a quienes paguen derechos \u00a0vehiculares y verificaci\u00f3n si tienen placas de 2011, 2017 y 2019, quienes tengan multas y recargos se les condenar\u00e1, pero deber\u00e1n pagar el costo de la placa de mil 300 pesos.<\/p>\n\n\n\n<p>En conferencia de prensa realizada en la sala de Banderas de palacio de gobierno el titular de la SEFIPLAN, inform\u00f3 que se llevar\u00e1 a cabo un nuevo \u00a0reemplacamiento que ser\u00e1, bajo algunas circunstancias de forma gratuita.<\/p>\n\n\n\n<p>Expuso que la idea es evitar que haya veh\u00edculos con placas sobrepuestas y que puedan usarse para cometer alg\u00fan tipo de delito, y justific\u00f3 la medida basada en la Norma Oficial de la SCT en donde se menciona que s\u00f3lo puede haber dos tipos de placas vigentes en los estados y es que, en Veracruz hay actualmente tres versiones, la de 2011, 2017 y 2019.<\/p>\n\n\n\n<p>&#8220;Es necesario \u00a0sacar estas placas de circulaci\u00f3n y darle cumplimiento \u00a0a la norma de la SCT, para dar el cumplimiento a esa norma, como la de seguridad p\u00fablica, estamos buscando \u00a0a estos contribuyentes \u00a0que tengan estas placas, que est\u00e9n al corriente con sus obligaciones \u00a0de derecho vehiculares que puedan obtener de manera gratuita la placa&#8221;, se\u00f1al\u00f3.<\/p>\n\n\n\n<p>Dio a conocer que para acceder a ese beneficio deber\u00e1n pagar sus derechos vehiculares y la verificaci\u00f3n, de igual forma, para los que tengan las placas anteriores como la de 2017, se les ofrecer\u00e1, al pagar el costo de mil 300 pesos, condonar multas, recargos y actualizaciones, pero tambi\u00e9n deber\u00e1n pagar los derechos \u00a0vehiculares \u00a02022 y la verificaci\u00f3n.<\/p>\n\n\n\n<p>&#8220;Es el programa que estamos buscando para el 2022 que pudiera ser a partir de enero del pr\u00f3ximo a\u00f1o&#8221;, anunci\u00f3.<\/p>\n\n\n\n<p>Por otra parte el gobernador Cuitl\u00e1huac Garc\u00eda Jim\u00e9nez, asegur\u00f3 \u00a0que la medida en parte es por temas de seguridad y cit\u00f3 el accidente ocurrido con indocumentados en donde murieron decenas de personas, pero que al hacer las investigaciones no se pudo determinar de d\u00f3nde \u00a0eran ya que el veh\u00edculo era clonado.<\/p>\n\n\n\n<p>Asegur\u00f3 \u00a0que quien est\u00e9 al corriente de sus derechos vehiculares podr\u00e1 obtener su placa de manera gratuita, as\u00ed como aquellos que no est\u00e9n regularizados, pero que lo hagan y cuenten con la verificaci\u00f3n, podr\u00e1n tener la placa gratis.<\/p>\n\n\n\n<p>La idea, subray\u00f3, es que no haya dos o tres tipos de placas, adem\u00e1s, el benefici\u00f3 se dar\u00e1 \u00a0por un un lapso de seis meses.<\/p>\n\n\n\n<p>Puntualiz\u00f3 \u00a0que el costo del nuevo emplacado ser\u00e1 de mil 300 pesos y con ello podr\u00edan regularizar a un mill\u00f3n \u00a0de veh\u00edculos aproximadamente, pasando el periodo de seis meses ya costar\u00e1 para \u00a0todos.<\/p>\n\n\n\n<p>Finalmente dio a conocer que quienes tengan placas de otros estados tambi\u00e9n \u00a0podr\u00e1n acceder al beneficio siempre que tengan todos sus documentos actualizados.<\/p>\n","protected":false},"excerpt":{"rendered":"<p>Dar\u00edo Pale Xalapa, Ver.- El gobernador del estado Cuitl\u00e1huac Garc\u00eda Jim\u00e9nez y el Secretario de Finanzas Jos\u00e9 Luis Lima Franco, anunciaron un nuevo emplacamiento, dar\u00e1n las placas gratis a quienes paguen derechos \u00a0vehiculares y verificaci\u00f3n si tienen placas de 2011, 2017 y 2019, quienes tengan multas y recargos se les condenar\u00e1, pero deber\u00e1n pagar el [&hellip;]<\/p>\n","protected":false},"author":1,"featured_media":21459,"comment_status":"open","ping_status":"open","sticky":false,"template":"","format":"standard","meta":{"_jetpack_memberships_contains_paid_content":false,"footnotes":""},"categories":[2],"tags":[],"class_list":["post-21458","post","type-post","status-publish","format-standard","has-post-thumbnail","hentry","category-estado"],"jetpack_featured_media_url":"https:\/\/encuentroinformativo.com.mx\/wp-content\/uploads\/2021\/12\/95807470-227F-4A1E-AAC4-C0EA2386ADB6.jpeg","jetpack_sharing_enabled":true,"jetpack_likes_enabled":true,"amp_enabled":true,"_links":{"self":[{"href":"https:\/\/encuentroinformativo.com.mx\/index.php?rest_route=\/wp\/v2\/posts\/21458","targetHints":{"allow":["GET"]}}],"collection":[{"href":"https:\/\/encuentroinformativo.com.mx\/index.php?rest_route=\/wp\/v2\/posts"}],"about":[{"href":"https:\/\/encuentroinformativo.com.mx\/index.php?rest_route=\/wp\/v2\/types\/post"}],"author":[{"embeddable":true,"href":"https:\/\/encuentroinformativo.com.mx\/index.php?rest_route=\/wp\/v2\/users\/1"}],"replies":[{"embeddable":true,"href":"https:\/\/encuentroinformativo.com.mx\/index.php?rest_route=%2Fwp%2Fv2%2Fcomments&post=21458"}],"version-history":[{"count":1,"href":"https:\/\/encuentroinformativo.com.mx\/index.php?rest_route=\/wp\/v2\/posts\/21458\/revisions"}],"predecessor-version":[{"id":21460,"href":"https:\/\/encuentroinformativo.com.mx\/index.php?rest_route=\/wp\/v2\/posts\/21458\/revisions\/21460"}],"wp:featuredmedia":[{"embeddable":true,"href":"https:\/\/encuentroinformativo.com.mx\/index.php?rest_route=\/wp\/v2\/media\/21459"}],"wp:attachment":[{"href":"https:\/\/encuentroinformativo.com.mx\/index.php?rest_route=%2Fwp%2Fv2%2Fmedia&parent=21458"}],"wp:term":[{"taxonomy":"category","embeddable":true,"href":"https:\/\/encuentroinformativo.com.mx\/index.php?rest_route=%2Fwp%2Fv2%2Fcategories&post=21458"},{"taxonomy":"post_tag","embeddable":true,"href":"https:\/\/encuentroinformativo.com.mx\/index.php?rest_route=%2Fwp%2Fv2%2Ftags&post=21458"}],"curies":[{"name":"wp","href":"https:\/\/api.w.org\/{rel}","templated":true}]}}